{"id":115,"date":"2024-01-07T20:10:18","date_gmt":"2024-01-07T20:10:18","guid":{"rendered":"https:\/\/nvsz.hu\/hirek\/?p=115"},"modified":"2024-03-28T08:45:38","modified_gmt":"2024-03-28T08:45:38","slug":"a-hala-tovabbra-sem-penz-elindult-a-halapenz-kivezetesere-iranyulotelevizios-reklamkampany","status":"publish","type":"post","link":"https:\/\/nvsz.hu\/hirek\/?p=115","title":{"rendered":"\u201eA h\u00e1la tov\u00e1bbra sem p\u00e9nz!\u201d \u2013 elindult a h\u00e1lap\u00e9nz kivezet\u00e9s\u00e9re ir\u00e1nyul\u00f3 telev\u00edzi\u00f3s rekl\u00e1mkamp\u00e1ny"},"content":{"rendered":"\n<p>A Nemzeti V\u00e9delmi Szolg\u00e1lat a h\u00e1lap\u00e9nz visszaszor\u00edt\u00e1sa \u00e9rdek\u00e9ben 2021 m\u00e1rcius\u00e1t\u00f3l v\u00e9gez b\u0171nfelder\u00edt\u0151 \u00e9s megel\u0151z\u00e9si feladatokat.<br><br>A Nemzeti V\u00e9delmi Szolg\u00e1lat nyomoz\u00f3 hat\u00f3s\u00e1gi jogk\u00f6rrel nem rendelkezik, a felt\u00e1rt jogs\u00e9rt\u00e9sek eset\u00e9ben feljelent\u00e9st tesz\u00fcnk vagy nyomoz\u00e1st kezdem\u00e9nyez\u00fcnk a rend\u0151rs\u00e9gen, illetve az \u00fcgy\u00e9szs\u00e9gen.<br><br>2021 m\u00e1rcius\u00e1t\u00f3l \u00f6sszesen 105 \u00fcgyben k\u00f6zel 250 eg\u00e9szs\u00e9g\u00fcgyi szolg\u00e1lati jogviszonyban foglalkoztatott szem\u00e9lyt \u00e9rint\u0151en kezdem\u00e9nyezt\u00fcnk elj\u00e1r\u00e1st veszteget\u00e9s, illetve veszteget\u00e9s elfogad\u00e1sa miatt.<br><br>Az eg\u00e9szs\u00e9g\u00fcgyr\u0151l sz\u00f3l\u00f3 t\u00f6rv\u00e9ny (1997. \u00e9vi CLIV. tv.) szerint maximum a mindenkori minim\u00e1lb\u00e9r \u00f6t sz\u00e1zal\u00e9k\u00e1nak megfelel\u0151 \u00e9rt\u00e9k\u0171 aj\u00e1nd\u00e9kot lehet adni az orvosoknak, eg\u00e9szs\u00e9g\u00fcgyi dolgoz\u00f3knak a kezel\u00e9st k\u00f6vet\u0151en, h\u00e1lap\u00e9nzt fizetni<br>tilos. Enn\u00e9l nagyobb \u00e9rt\u00e9k\u0171 aj\u00e1nd\u00e9kot, szolg\u00e1ltat\u00e1st, illetve egy\u00e1ltal\u00e1n p\u00e9nzt adni \u00e9s elfogadni is b\u0171ncselekm\u00e9ny.<br>Az orvos-beteg kapcsolatban elk\u00f6vetett veszteget\u00e9s, valamint veszteget\u00e9s elfogad\u00e1sa miatt 2023-ban 19 \u00fcgyben kezdem\u00e9nyezt\u00fcnk nyomoz\u00e1st. Ezekben az \u00fcgyekben a p\u00e1ciensek legink\u00e1bb jogellenes v\u00e9nyfel\u00edr\u00e1s, vizsg\u00e1latok soron k\u00edv\u00fcli elv\u00e9gz\u00e9se, jogellenes vagy \u00e9ppen VIP ell\u00e1t\u00e1s biztos\u00edt\u00e1sa \u00e9rdek\u00e9ben, vagy val\u00f3tlan tartalm\u00fa orvosi igazol\u00e1s ki\u00e1ll\u00edt\u00e1sa, illetve vizsg\u00e1lat n\u00e9lk\u00fcli orvosi alkalmass\u00e1g tan\u00fas\u00edt\u00e1sa \u00e9rdek\u00e9ben fizettek az eg\u00e9szs\u00e9g\u00fcgyi dolgoz\u00f3nak a k\u00f6telezetts\u00e9gszeg\u00e9s\u00e9rt cser\u00e9be.<br><br>2023-ban 10 olyan \u00fcgyben kezdem\u00e9nyezt\u00fcnk elj\u00e1r\u00e1st, ahol h\u00e1lap\u00e9nz \u00e1tad\u00e1sa t\u00f6rt\u00e9nt. Ezekben az \u00fcgyekben az orvos vagy eg\u00e9szs\u00e9g\u00fcgyi dolgoz\u00f3 nem k\u00f6vetett el k\u00f6telezettszeg\u00e9st, de k\u00e9szp\u00e9nzt fogadott el a kezel\u00e9st k\u00f6vet\u0151en.<br><br>A k\u00f6zv\u00e9lem\u00e9ny t\u00e1j\u00e9koztat\u00e1sa a felt\u00e1rt \u00fcgyekr\u0151l folyamatos. N\u00e9h\u00e1ny p\u00e9lda a 2023-ban felt\u00e1rt \u00fcgyeinkre: a feljelent\u00e9s\u00fcnkre indult b\u00fcntet\u0151elj\u00e1r\u00e1s 67 rendbeli veszteget\u00e9s elfogad\u00e1s\u00e1nak gyan\u00faja miatt egy J\u00e1sz-Nagykun-Szolnok v\u00e1rmegyei kardiol\u00f3gus ellen; 23 rendbeli veszteget\u00e9s elfogad\u00e1sa miatt folytatott elj\u00e1r\u00e1st a Vas V\u00e1rmegyei F\u0151\u00fcgy\u00e9szs\u00e9g egy belgy\u00f3gy\u00e1sz f\u0151orvossal szemben, aki az oszt\u00e1ly\u00e1n val\u00f3 elhelyez\u00e9s\u00e9rt, soron k\u00edv\u00fcli inf\u00fazi\u00f3s kezel\u00e9s\u00e9rt, illetve az elhunyt boncol\u00e1s\u00e1nak mell\u0151z\u00e9s\u00e9\u00e9rt k\u00e9rt \u00e9s fogadott el p\u00e9nzt. Novemberben feljelent\u00e9s\u00fcnkre indult elj\u00e1r\u00e1s egy Szabolcs-Szatm\u00e1r-Bereg v\u00e1rmegyei onkol\u00f3gus \u00e9s asszisztense ellen, akik kemoter\u00e1pi\u00e1s kezel\u00e9sre szorul\u00f3 betegekt\u0151l<br>t\u00f6bb mint 80 alkalommal k\u00e9rtek p\u00e9nzt az ingyenes kezel\u00e9s\u00e9rt.<\/p>\n\n\n\n<p>A Nemzeti V\u00e9delmi Szolg\u00e1lat a felder\u00edt\u00e9sen t\u00fal nagy hangs\u00falyt fektet a megel\u0151z\u00e9sre, a szeml\u00e9letv\u00e1lt\u00e1sra. Munkat\u00e1rsaink az \u00e1llami eg\u00e9szs\u00e9g\u00fcgy ter\u00fclet\u00e9n tavaly t\u00f6bb mint 60 alkalommal tartottak b\u0171nmegel\u0151z\u00e9si el\u0151ad\u00e1st \u00f6sszesen 6000 f\u0151t meghalad\u00f3 hallgat\u00f3s\u00e1g r\u00e9sz\u00e9re \u2013 k\u00f6zt\u00fck orvosoknak, \u00e1pol\u00f3knak, egyetemist\u00e1knak. Ezeknek a c\u00e9lja, hogy a r\u00e9sztvev\u0151k min\u00e9l sz\u00e9lesebb k\u00f6rben megismerj\u00e9k az orvos-beteg kapcsolatokban el\u0151fordul\u00f3 korrupci\u00f3s helyzeteket \u00e9s azok elker\u00fcl\u00e9s\u00e9hez \u00e9s kiv\u00e9d\u00e9s\u00e9hez megfelel\u0151 magatart\u00e1st.<br><br>A Nemzeti V\u00e9delmi Szolg\u00e1lat folyamatosan dolgozik azon, hogy szeml\u00e9letv\u00e1lt\u00e1s t\u00f6rt\u00e9njen, azt pr\u00f3b\u00e1ljuk az \u00e1llampolg\u00e1rokban, illetve az eg\u00e9szs\u00e9g\u00fcgyi dolgoz\u00f3kban is tudatos\u00edtani, hogy a h\u00e1la kifejez\u00e9s\u00e9nek van m\u00e1s<br>m\u00f3dja is, mint a feszengve \u00e1tadott \u00e9s \u00e1tvett bor\u00edt\u00e9k. \u201eA h\u00e1la nem p\u00e9nz\u201d c\u00edmmel egy kiadv\u00e1nyt \u00e1ll\u00edtottunk \u00f6ssze, melyben egyr\u00e9szt az eg\u00e9szs\u00e9g\u00fcgyi dolgoz\u00f3kat, m\u00e1sr\u00e9szt az \u00e1llampolg\u00e1rokat t\u00e1j\u00e9koztatjuk az \u00faj szab\u00e1lyoz\u00e1sr\u00f3l.<br><br>Ennek a szeml\u00e9letform\u00e1l\u00f3 folyamatnak a folytat\u00e1sa lesz a janu\u00e1r 5-\u00e9n indul\u00f3 telev\u00edzi\u00f3s kamp\u00e1ny, melynek c\u00e9lcsoportja az eg\u00e9szs\u00e9g\u00fcgyi szolg\u00e1ltat\u00e1st ig\u00e9nybe vev\u0151k, vagyis az \u00e1llampolg\u00e1rok.<br><br>A \u201eVeszteget\u00e9s kiszor\u00edt\u00e1sa az eg\u00e9szs\u00e9g\u00fcgy ter\u00fclet\u00e9n&#8221; elnevez\u00e9s\u0171 projekt 473 milli\u00f3 forintb\u00f3l, hazai t\u00e1rsfinansz\u00edroz\u00e1sban, eur\u00f3pai uni\u00f3s t\u00e1mogat\u00e1ssal val\u00f3sul meg. Az elk\u00e9sz\u00fclt k\u00e9t rekl\u00e1mfilm, &#8211; az egyik az id\u0151sebb koroszt\u00e1lyt c\u00e9lozza, m\u00edg a m\u00e1sik a fiatalabb gener\u00e1ci\u00f3nak sz\u00f3l, \u2013 21 telev\u00edzi\u00f3s csatorn\u00e1n lesz majd<br>l\u00e1that\u00f3.<\/p>\n\n\n\n<figure class=\"wp-block-embed is-type-video is-provider-youtube wp-block-embed-youtube wp-embed-aspect-16-9 wp-has-aspect-ratio\"><div class=\"wp-block-embed__wrapper\">\n<iframe loading=\"lazy\" title=\"&quot;V\u00e1rakoz\u00e1s&quot; - h\u00e1lap\u00e9nz kivezet\u00e9s\u00e9re ir\u00e1nyul\u00f3 rekl\u00e1mkamp\u00e1ny\" width=\"500\" height=\"281\" src=\"https:\/\/www.youtube.com\/embed\/ukIxo7a6BNo?feature=oembed\" frameborder=\"0\" allow=\"accelerometer; autoplay; clipboard-write; encrypted-media; gyroscope; picture-in-picture; web-share\" referrerpolicy=\"strict-origin-when-cross-origin\" allowfullscreen><\/iframe>\n<\/div><\/figure>\n\n\n\n<figure class=\"wp-block-embed is-type-video is-provider-youtube wp-block-embed-youtube wp-embed-aspect-16-9 wp-has-aspect-ratio\"><div class=\"wp-block-embed__wrapper\">\n<iframe loading=\"lazy\" title=\"&quot;Rap battle&quot; - a h\u00e1lap\u00e9nz kivezet\u00e9s\u00e9re ir\u00e1nyul\u00f3 rekl\u00e1mkamp\u00e1ny\" width=\"500\" height=\"281\" src=\"https:\/\/www.youtube.com\/embed\/cGYoT4EAlsY?feature=oembed\" frameborder=\"0\" allow=\"accelerometer; autoplay; clipboard-write; encrypted-media; gyroscope; picture-in-picture; web-share\" referrerpolicy=\"strict-origin-when-cross-origin\" allowfullscreen><\/iframe>\n<\/div><\/figure>\n","protected":false},"excerpt":{"rendered":"<p>A Nemzeti V\u00e9delmi Szolg\u00e1lat a h\u00e1lap\u00e9nz visszaszor\u00edt\u00e1sa \u00e9rdek\u00e9ben 2021 m\u00e1rcius\u00e1t\u00f3l v\u00e9gez b\u0171nfelder\u00edt\u0151 \u00e9s megel\u0151z\u00e9si feladatokat. A Nemzeti V\u00e9delmi Szolg\u00e1lat nyomoz\u00f3 hat\u00f3s\u00e1gi jogk\u00f6rrel nem rendelkezik, a felt\u00e1rt jogs\u00e9rt\u00e9sek eset\u00e9ben feljelent\u00e9st tesz\u00fcnk vagy nyomoz\u00e1st kezdem\u00e9nyez\u00fcnk a rend\u0151rs\u00e9gen, illetve az \u00fcgy\u00e9szs\u00e9gen. 2021 m\u00e1rcius\u00e1t\u00f3l \u00f6sszesen 105 \u00fcgyben k\u00f6zel 250 eg\u00e9szs\u00e9g\u00fcgyi szolg\u00e1lati jogviszonyban foglalkoztatott szem\u00e9lyt \u00e9rint\u0151en kezdem\u00e9nyezt\u00fcnk elj\u00e1r\u00e1st veszteget\u00e9s, illetve [&hellip;]<\/p>\n","protected":false},"author":1,"featured_media":116,"comment_status":"closed","ping_status":"closed","sticky":false,"template":"","format":"standard","meta":{"site-container-style":"default","site-container-layout":"default","site-sidebar-layout":"default","disable-article-header":"default","disable-site-header":"default","disable-site-footer":"default","disable-content-area-spacing":"default","iawp_total_views":240,"footnotes":""},"categories":[5],"tags":[],"class_list":["post-115","post","type-post","status-publish","format-standard","has-post-thumbnail","hentry","category-altalanos"],"_links":{"self":[{"href":"https:\/\/nvsz.hu\/hirek\/index.php?rest_route=\/wp\/v2\/posts\/115","targetHints":{"allow":["GET"]}}],"collection":[{"href":"https:\/\/nvsz.hu\/hirek\/index.php?rest_route=\/wp\/v2\/posts"}],"about":[{"href":"https:\/\/nvsz.hu\/hirek\/index.php?rest_route=\/wp\/v2\/types\/post"}],"author":[{"embeddable":true,"href":"https:\/\/nvsz.hu\/hirek\/index.php?rest_route=\/wp\/v2\/users\/1"}],"replies":[{"embeddable":true,"href":"https:\/\/nvsz.hu\/hirek\/index.php?rest_route=%2Fwp%2Fv2%2Fcomments&post=115"}],"version-history":[{"count":2,"href":"https:\/\/nvsz.hu\/hirek\/index.php?rest_route=\/wp\/v2\/posts\/115\/revisions"}],"predecessor-version":[{"id":120,"href":"https:\/\/nvsz.hu\/hirek\/index.php?rest_route=\/wp\/v2\/posts\/115\/revisions\/120"}],"wp:featuredmedia":[{"embeddable":true,"href":"https:\/\/nvsz.hu\/hirek\/index.php?rest_route=\/wp\/v2\/media\/116"}],"wp:attachment":[{"href":"https:\/\/nvsz.hu\/hirek\/index.php?rest_route=%2Fwp%2Fv2%2Fmedia&parent=115"}],"wp:term":[{"taxonomy":"category","embeddable":true,"href":"https:\/\/nvsz.hu\/hirek\/index.php?rest_route=%2Fwp%2Fv2%2Fcategories&post=115"},{"taxonomy":"post_tag","embeddable":true,"href":"https:\/\/nvsz.hu\/hirek\/index.php?rest_route=%2Fwp%2Fv2%2Ftags&post=115"}],"curies":[{"name":"wp","href":"https:\/\/api.w.org\/{rel}","templated":true}]}}