{"id":206,"date":"2024-04-13T08:38:00","date_gmt":"2024-04-13T08:38:00","guid":{"rendered":"https:\/\/nvsz.hu\/hirek\/?p=206"},"modified":"2024-04-23T14:48:47","modified_gmt":"2024-04-23T14:48:47","slug":"rendoroket-bantalmaztak-mar-bortonben-vannak","status":"publish","type":"post","link":"https:\/\/nvsz.hu\/hirek\/?p=206","title":{"rendered":"Rend\u0151r\u00f6ket b\u00e1ntalmaztak, m\u00e1r b\u00f6rt\u00f6nben vannak"},"content":{"rendered":"\n<p><\/p>\n\n\n\n<p>A Nemzeti V\u00e9delmi Szolg\u00e1lat v\u00e9delmi funkci\u00f3ja alapj\u00e1n folyamatosan figyelemmel k\u00eds\u00e9ri a kor\u00e1bban elk\u00f6vetett a hivatalos szem\u00e9ly elleni er\u0151szakos b\u0171ncselekm\u00e9nyeket. Azokban az esetekben, amikor a gyan\u00fas\u00edtott tart\u00f3zkod\u00e1si helye ismeretlen, v\u00e9delmi tisztjeink a rendelkez\u00e9sre \u00e1ll\u00f3 eszk\u00f6z\u00f6k seg\u00edts\u00e9g\u00e9vel megpr\u00f3b\u00e1lj\u00e1k beazonos\u00edtani az illet\u0151 holl\u00e9t\u00e9t.<\/p>\n\n\n\n<p>Az NVSZ v\u00e9delmi tisztjei az elm\u00falt napokban h\u00e1rom olyan embert is k\u00e9zre ker\u00edtettek, akik k\u00f6z\u00fcl kett\u0151t m\u00e1r el\u00edt\u00e9ltek, \u0151k azonban a b\u00edr\u00f3s\u00e1g \u00e1ltal kiszabott b\u00f6rt\u00f6nb\u00fcntet\u00e9s\u00fcket nem kezdt\u00e9k meg, hanem a hat\u00f3s\u00e1gok el\u0151l elrejt\u0151ztek.<\/p>\n\n\n\n<p>Nagyk\u00e1t\u00e1n fogt\u00e1k el azt a 34 \u00e9ves helyi f\u00e9rfit, aki 2020 december\u00e9ben egy rend\u0151ri int\u00e9zked\u00e9s sor\u00e1n t\u00e1madt a rend\u0151r\u00f6kre \u00e9s \u00f6k\u00f6llel \u00fct\u00f6tte a rend\u0151raut\u00f3t. Emiatt 1 \u00e9v 6 h\u00f3nap szabads\u00e1gveszt\u00e9sre \u00edt\u00e9lt\u00e9k, ennek let\u00f6lt\u00e9s\u00e9t azonban nem kezdte meg. &nbsp;<\/p>\n\n\n\n<p>Budapesten fogt\u00e1k el azt a szir\u00e1ki f\u00e9rfit, aki 1 \u00e9v 8 h\u00f3napot kapott az\u00e9rt, mert m\u00e9g 2016-ban Budapest belv\u00e1ros\u00e1ban egy igazoltat\u00e1s sor\u00e1n hasba, illetve \u00e1llon \u00fct\u00f6tte a vele szemben int\u00e9zked\u0151 rend\u0151r\u00f6ket. \u0150 sem vonult b\u00f6rt\u00f6nbe, \u00edgy a hat\u00f3s\u00e1gok elrendelt\u00e9k a k\u00f6r\u00f6z\u00e9s\u00e9t. &nbsp;<\/p>\n\n\n\n<p>S\u00falyos testi s\u00e9rt\u00e9s \u00e9s rabl\u00e1s miatt adtak ki elfogat\u00f3parancsot az ellen a 23 \u00e9ves v\u00e1mosp\u00e9rcsi f\u00e9rfi ellen, aki tavaly m\u00e1rciusban a vele szemben int\u00e9zked\u0151 rend\u0151rt \u00fagy ell\u00f6kte, hogy annak elt\u00f6rt a bok\u00e1ja. Az \u00edgy m\u00e1r hivatalos szem\u00e9ly elleni er\u0151szak miatt is k\u00f6r\u00f6z\u00e9s alatt \u00e1ll\u00f3 f\u00e9rfit Budapest XIV. ker\u00fclet\u00e9ben fogt\u00e1k el.<\/p>\n\n\n\n<p>A b\u00f6rt\u00f6nb\u00fcntet\u00e9sre \u00edt\u00e9lt k\u00e9t f\u00e9rfi megkezdte a szabads\u00e1gveszt\u00e9s\u00e9nek let\u00f6lt\u00e9s\u00e9t, m\u00edg a harmadik f\u00e9rfi letart\u00f3ztat\u00e1s\u00e1t az illet\u00e9kes t\u00f6rv\u00e9nysz\u00e9k elrendelte.<\/p>\n\n\n\n<p><\/p>\n\n\n\n<p><a href=\"https:\/\/www.youtube.com\/watch?v=gSPKtmpBmdM\">https:\/\/www.youtube.com\/watch?v=gSPKtmpBmdM<\/a><\/p>\n\n\n\n<p><\/p>\n","protected":false},"excerpt":{"rendered":"<p>A Nemzeti V\u00e9delmi Szolg\u00e1lat v\u00e9delmi funkci\u00f3ja alapj\u00e1n folyamatosan figyelemmel k\u00eds\u00e9ri a kor\u00e1bban elk\u00f6vetett a hivatalos szem\u00e9ly elleni er\u0151szakos b\u0171ncselekm\u00e9nyeket. Azokban az esetekben, amikor a gyan\u00fas\u00edtott tart\u00f3zkod\u00e1si helye ismeretlen, v\u00e9delmi tisztjeink a rendelkez\u00e9sre \u00e1ll\u00f3 eszk\u00f6z\u00f6k seg\u00edts\u00e9g\u00e9vel megpr\u00f3b\u00e1lj\u00e1k beazonos\u00edtani az illet\u0151 holl\u00e9t\u00e9t. Az NVSZ v\u00e9delmi tisztjei az elm\u00falt napokban h\u00e1rom olyan embert is k\u00e9zre ker\u00edtettek, akik k\u00f6z\u00fcl [&hellip;]<\/p>\n","protected":false},"author":2,"featured_media":207,"comment_status":"closed","ping_status":"closed","sticky":false,"template":"","format":"standard","meta":{"site-container-style":"default","site-container-layout":"default","site-sidebar-layout":"default","disable-article-header":"default","disable-site-header":"default","disable-site-footer":"default","disable-content-area-spacing":"default","iawp_total_views":42,"footnotes":""},"categories":[5],"tags":[],"class_list":["post-206","post","type-post","status-publish","format-standard","has-post-thumbnail","hentry","category-altalanos"],"_links":{"self":[{"href":"https:\/\/nvsz.hu\/hirek\/index.php?rest_route=\/wp\/v2\/posts\/206","targetHints":{"allow":["GET"]}}],"collection":[{"href":"https:\/\/nvsz.hu\/hirek\/index.php?rest_route=\/wp\/v2\/posts"}],"about":[{"href":"https:\/\/nvsz.hu\/hirek\/index.php?rest_route=\/wp\/v2\/types\/post"}],"author":[{"embeddable":true,"href":"https:\/\/nvsz.hu\/hirek\/index.php?rest_route=\/wp\/v2\/users\/2"}],"replies":[{"embeddable":true,"href":"https:\/\/nvsz.hu\/hirek\/index.php?rest_route=%2Fwp%2Fv2%2Fcomments&post=206"}],"version-history":[{"count":6,"href":"https:\/\/nvsz.hu\/hirek\/index.php?rest_route=\/wp\/v2\/posts\/206\/revisions"}],"predecessor-version":[{"id":225,"href":"https:\/\/nvsz.hu\/hirek\/index.php?rest_route=\/wp\/v2\/posts\/206\/revisions\/225"}],"wp:featuredmedia":[{"embeddable":true,"href":"https:\/\/nvsz.hu\/hirek\/index.php?rest_route=\/wp\/v2\/media\/207"}],"wp:attachment":[{"href":"https:\/\/nvsz.hu\/hirek\/index.php?rest_route=%2Fwp%2Fv2%2Fmedia&parent=206"}],"wp:term":[{"taxonomy":"category","embeddable":true,"href":"https:\/\/nvsz.hu\/hirek\/index.php?rest_route=%2Fwp%2Fv2%2Fcategories&post=206"},{"taxonomy":"post_tag","embeddable":true,"href":"https:\/\/nvsz.hu\/hirek\/index.php?rest_route=%2Fwp%2Fv2%2Ftags&post=206"}],"curies":[{"name":"wp","href":"https:\/\/api.w.org\/{rel}","templated":true}]}}