{"id":219,"date":"2024-04-23T14:43:54","date_gmt":"2024-04-23T14:43:54","guid":{"rendered":"https:\/\/nvsz.hu\/hirek\/?p=219"},"modified":"2024-04-23T14:47:04","modified_gmt":"2024-04-23T14:47:04","slug":"rendorkezen-az-5-eve-bujkalo-ferfi","status":"publish","type":"post","link":"https:\/\/nvsz.hu\/hirek\/?p=219","title":{"rendered":"Rend\u0151rk\u00e9zen az 5 \u00e9ve bujk\u00e1l\u00f3 f\u00e9rfi"},"content":{"rendered":"\n<p>A Nemzeti V\u00e9delmi Szolg\u00e1lat v\u00e9delmi funkci\u00f3ja alapj\u00e1n folyamatosan figyelemmel k\u00eds\u00e9ri a kor\u00e1bban elk\u00f6vetett hivatalos szem\u00e9ly elleni er\u0151szakos b\u0171ncselekm\u00e9nyeket. Azokban az esetekben, amikor a gyan\u00fas\u00edtott tart\u00f3zkod\u00e1si helye ismeretlen, v\u00e9delmi tisztjeink a rendelkez\u00e9sre \u00e1ll\u00f3 eszk\u00f6z\u00f6k seg\u00edts\u00e9g\u00e9vel megpr\u00f3b\u00e1lj\u00e1k beazonos\u00edtani az illet\u0151 holl\u00e9t\u00e9t.<\/p>\n\n\n\n<figure class=\"wp-block-embed is-type-video is-provider-youtube wp-block-embed-youtube wp-embed-aspect-16-9 wp-has-aspect-ratio\"><div class=\"wp-block-embed__wrapper\">\n<iframe loading=\"lazy\" title=\"Rend\u0151rk\u00e9zen az 5 \u00e9ve bujk\u00e1l\u00f3 f\u00e9rfi\" width=\"500\" height=\"281\" src=\"https:\/\/www.youtube.com\/embed\/B07M6xOVJVw?feature=oembed\" frameborder=\"0\" allow=\"accelerometer; autoplay; clipboard-write; encrypted-media; gyroscope; picture-in-picture; web-share\" referrerpolicy=\"strict-origin-when-cross-origin\" allowfullscreen><\/iframe>\n<\/div><\/figure>\n\n\n\n<p>\u00cdgy ker\u00fclt rend\u0151rk\u00e9zre az az 52 \u00e9ves f\u00e9rfi, akit hivatalos szem\u00e9ly elleni er\u0151szak elk\u00f6vet\u00e9se miatt a b\u00edr\u00f3s\u00e1g joger\u0151sen 3 \u00e9v 8 h\u00f3nap szabads\u00e1gveszt\u00e9sre \u00edt\u00e9lt, melynek let\u00f6lt\u00e9s\u00e9t nem kezdte meg, ez\u00e9rt a Gy\u0151ri T\u00f6rv\u00e9nysz\u00e9k elfogat\u00f3parancsot adott ki ellene.<\/p>\n\n\n\n<p>2018 j\u00fanius\u00e1ban a gy\u0151ri buszp\u00e1lyaudvaron tart\u00f3zkod\u00f3kkal agressz\u00edven viselked\u0151 f\u00e9rfi miatt k\u00e9rtek rend\u0151ri int\u00e9zked\u00e9st, melynek a kezdetekt\u0151l fogva ellen\u00e1llt, ez\u00e9rt a vele szemben gar\u00e1zdas\u00e1g miatt int\u00e9zked\u0151 rend\u0151r\u00f6k megbilincselt\u00e9k. El\u0151\u00e1ll\u00edt\u00e1sa k\u00f6zben a rend\u0151raut\u00f3b\u00f3l megpr\u00f3b\u00e1lt megsz\u00f6kni, az azt megakad\u00e1lyoz\u00f3 rend\u0151rt lek\u00f6pte \u00e9s le akarta fejelni.<\/p>\n\n\n\n<p>Miut\u00e1n kisz\u00e1ll\u00edtott\u00e1k az aut\u00f3b\u00f3l, tov\u00e1bbra is ellen\u00e1llt, a szolg\u00e1lati aut\u00f3ba beler\u00fagott, k\u00e9s\u0151bb pedig az el\u0151\u00e1ll\u00edt\u00f3 helyis\u00e9g ajtaj\u00e1nak ugorva azt nagy er\u0151vel az int\u00e9zked\u0151 rend\u0151rre tolta.<\/p>\n\n\n\n<p>Az int\u00e9zked\u00e9s sor\u00e1n v\u00e9gig szidta a rend\u0151r\u00f6ket, a felmen\u0151iket, \u00e9s mindenkit meg\u00f6l\u00e9ssel fenyegetett.<\/p>\n\n\n\n<p>A k\u00f6r\u00f6z\u00f6tt f\u00e9rfit 2024. \u00e1prilis 17-\u00e9n a Budapesti Rend\u0151r-f\u0151kapit\u00e1nys\u00e1g munkat\u00e1rsai az NVSZ v\u00e9delmi tisztj\u00e9nek k\u00f6zrem\u0171k\u00f6d\u00e9s\u00e9vel Budapest XI. ker\u00fclet\u00e9nek erd\u0151s r\u00e9sz\u00e9n elfogt\u00e1k.<\/p>\n\n\n\n<p><\/p>\n","protected":false},"excerpt":{"rendered":"<p>A Nemzeti V\u00e9delmi Szolg\u00e1lat v\u00e9delmi funkci\u00f3ja alapj\u00e1n folyamatosan figyelemmel k\u00eds\u00e9ri a kor\u00e1bban elk\u00f6vetett hivatalos szem\u00e9ly elleni er\u0151szakos b\u0171ncselekm\u00e9nyeket. Azokban az esetekben, amikor a gyan\u00fas\u00edtott tart\u00f3zkod\u00e1si helye ismeretlen, v\u00e9delmi tisztjeink a rendelkez\u00e9sre \u00e1ll\u00f3 eszk\u00f6z\u00f6k seg\u00edts\u00e9g\u00e9vel megpr\u00f3b\u00e1lj\u00e1k beazonos\u00edtani az illet\u0151 holl\u00e9t\u00e9t. \u00cdgy ker\u00fclt rend\u0151rk\u00e9zre az az 52 \u00e9ves f\u00e9rfi, akit hivatalos szem\u00e9ly elleni er\u0151szak elk\u00f6vet\u00e9se miatt a [&hellip;]<\/p>\n","protected":false},"author":2,"featured_media":222,"comment_status":"closed","ping_status":"closed","sticky":false,"template":"","format":"standard","meta":{"site-container-style":"default","site-container-layout":"default","site-sidebar-layout":"default","disable-article-header":"default","disable-site-header":"default","disable-site-footer":"default","disable-content-area-spacing":"default","iawp_total_views":64,"footnotes":""},"categories":[5],"tags":[],"class_list":["post-219","post","type-post","status-publish","format-standard","has-post-thumbnail","hentry","category-altalanos"],"_links":{"self":[{"href":"https:\/\/nvsz.hu\/hirek\/index.php?rest_route=\/wp\/v2\/posts\/219","targetHints":{"allow":["GET"]}}],"collection":[{"href":"https:\/\/nvsz.hu\/hirek\/index.php?rest_route=\/wp\/v2\/posts"}],"about":[{"href":"https:\/\/nvsz.hu\/hirek\/index.php?rest_route=\/wp\/v2\/types\/post"}],"author":[{"embeddable":true,"href":"https:\/\/nvsz.hu\/hirek\/index.php?rest_route=\/wp\/v2\/users\/2"}],"replies":[{"embeddable":true,"href":"https:\/\/nvsz.hu\/hirek\/index.php?rest_route=%2Fwp%2Fv2%2Fcomments&post=219"}],"version-history":[{"count":3,"href":"https:\/\/nvsz.hu\/hirek\/index.php?rest_route=\/wp\/v2\/posts\/219\/revisions"}],"predecessor-version":[{"id":224,"href":"https:\/\/nvsz.hu\/hirek\/index.php?rest_route=\/wp\/v2\/posts\/219\/revisions\/224"}],"wp:featuredmedia":[{"embeddable":true,"href":"https:\/\/nvsz.hu\/hirek\/index.php?rest_route=\/wp\/v2\/media\/222"}],"wp:attachment":[{"href":"https:\/\/nvsz.hu\/hirek\/index.php?rest_route=%2Fwp%2Fv2%2Fmedia&parent=219"}],"wp:term":[{"taxonomy":"category","embeddable":true,"href":"https:\/\/nvsz.hu\/hirek\/index.php?rest_route=%2Fwp%2Fv2%2Fcategories&post=219"},{"taxonomy":"post_tag","embeddable":true,"href":"https:\/\/nvsz.hu\/hirek\/index.php?rest_route=%2Fwp%2Fv2%2Ftags&post=219"}],"curies":[{"name":"wp","href":"https:\/\/api.w.org\/{rel}","templated":true}]}}