{"id":247,"date":"2024-06-14T10:41:36","date_gmt":"2024-06-14T10:41:36","guid":{"rendered":"https:\/\/nvsz.hu\/hirek\/?p=247"},"modified":"2024-06-14T10:50:24","modified_gmt":"2024-06-14T10:50:24","slug":"a-nemzeti-vedelmi-szolgalat-facebook-jatekszabalya-es-adatvedelmi-tajekoztatoja","status":"publish","type":"post","link":"https:\/\/nvsz.hu\/hirek\/?p=247","title":{"rendered":"A Nemzeti V\u00e9delmi Szolg\u00e1lat Facebook j\u00e1t\u00e9kszab\u00e1lya \u00e9s adatv\u00e9delmi t\u00e1j\u00e9koztat\u00f3ja"},"content":{"rendered":"\n<p><\/p>\n\n\n\n<ol class=\"wp-block-list\">\n<li><strong>Szervez\u0151<\/strong>: Jelen r\u00e9szv\u00e9teli- \u00e9s j\u00e1t\u00e9kszab\u00e1lyzatban bemutat\u00e1sra ker\u00fcl\u0151 j\u00e1t\u00e9k (a tov\u00e1bbiakban: J\u00e1t\u00e9k) szervez\u0151je a Nemzeti V\u00e9delmi Szolg\u00e1lat (a tov\u00e1bbiakban: Szervez\u0151).<\/li>\n<\/ol>\n\n\n\n<ul class=\"wp-block-list\">\n<li><strong>A J\u00e1t\u00e9kos<\/strong><\/li>\n<\/ul>\n\n\n\n<p>2.1. A Szervez\u0151 \u00e1ltal meghirdetett J\u00e1t\u00e9kban minden, Facebook adatlappal rendelkez\u0151 term\u00e9szetes szem\u00e9ly r\u00e9szt vehet.<\/p>\n\n\n\n<ul class=\"wp-block-list\">\n<li><strong>A j\u00e1t\u00e9k mechanizmusa:<\/strong><\/li>\n<\/ul>\n\n\n\n<p>3.1. A Szervez\u0151 a J\u00e1t\u00e9kot a J\u00e1t\u00e9kos r\u00e9sz\u00e9re a Szervez\u0151 hivatalos Facebook oldal\u00e1n: https:\/\/www.facebook.com\/Nemzetivedelmiszolgalat) kereszt\u00fcl hirdeti meg.<\/p>\n\n\n\n<p>3.2. A nyerem\u00e9nyj\u00e1t\u00e9k <strong>2024. 06. 16. 24 \u00f3r\u00e1ig tart<\/strong>.<\/p>\n\n\n\n<p>3.3. A Szervez\u0151 nyerem\u00e9nyj\u00e1t\u00e9kot hirdet mindazon J\u00e1t\u00e9kosok k\u00f6z\u00f6tt, akik a NVSZ Facebook oldal\u00e1n a J\u00e1t\u00e9k lebonyol\u00edt\u00e1s\u00e1ra l\u00e9trehozott posztban feltett k\u00e9rd\u00e9sre a poszt al\u00e1 \u00edrt hozz\u00e1sz\u00f3l\u00e1s (komment) form\u00e1j\u00e1ban v\u00e1laszolnak.<\/p>\n\n\n\n<p>3.4. A nyerem\u00e9ny sorsol\u00e1s\u00e1ra <strong>2024. 06. 18-\u00e1n <\/strong>ker\u00fcl sor. A sorsol\u00e1s nyerteseit a Szervez\u0151 a NVSZ Facebook oldal\u00e1n teszi k\u00f6zz\u00e9. Ha a nyertes j\u00e1t\u00e9kosok Szervez\u0151 \u00e1ltali \u00e9rtes\u00edt\u00e9se a sorsol\u00e1st\u00f3l sz\u00e1m\u00edtott \u00f6t munkanapon bel\u00fcl nem vezet eredm\u00e9nyre, akkor a nyerem\u00e9ny m\u00e1s nyertesekre nem sz\u00e1ll \u00e1t, a j\u00e1t\u00e9k befejezettnek min\u0151s\u00fcl. A nyertesek a nyerem\u00e9nyt szem\u00e9lyesen kapj\u00e1k meg.<\/p>\n\n\n\n<ul class=\"wp-block-list\">\n<li><strong>A J\u00e1t\u00e9k id\u0151tartama<\/strong><\/li>\n<\/ul>\n\n\n\n<p>A J\u00e1t\u00e9k kezd\u0151napja: 2024. 06. 14. 14:00<\/p>\n\n\n\n<p>A J\u00e1t\u00e9k z\u00e1r\u00f3napja: 2024. 06.16. 24:00<\/p>\n\n\n\n<ul class=\"wp-block-list\">\n<li><strong>Nyerem\u00e9ny<\/strong>\n<ul class=\"wp-block-list\">\n<li>A Szervez\u0151 \u00e1ltal meghirdetett sorsol\u00e1s keret\u00e9ben \u2013 a 3.4. pontban meghat\u00e1rozottak szerint \u2013 az al\u00e1bbi t\u00e1rgynyerem\u00e9nyt sorsolja ki:<\/li>\n<\/ul>\n<\/li>\n\n\n\n<li>5 db VIP bel\u00e9p\u00e9s a BRFK-NVSZ M\u00fazeumok \u00e9jszak\u00e1ja c\u00edm\u0171 k\u00f6z\u00f6s programj\u00e1ra<\/li>\n\n\n\n<li>a bel\u00e9p\u0151 mell\u00e9 egy-egy NVSZ aj\u00e1nd\u00e9kcsomag<\/li>\n<\/ul>\n\n\n\n<p>5.2. A nyerem\u00e9ny m\u00e1sra \u00e1t nem ruh\u00e1zhat\u00f3. A nyerem\u00e9ny p\u00e9nzre \u00e1t nem v\u00e1lthat\u00f3.<\/p>\n\n\n\n<p>5.3. A Szervez\u0151 a 3.4. pont szerinti nyertesen fel\u00fcl tov\u00e1bbi <strong>p\u00f3tnyerteseket nem sorsol ki.<\/strong><strong><\/strong><\/p>\n\n\n\n<p>5.4. A Szervez\u0151t a t\u00e1rgynyerem\u00e9ny fentiek szerinti \u00e1tad\u00e1s\u00e1n k\u00edv\u00fcl tov\u00e1bbi k\u00f6telezetts\u00e9g nem terheli. A Szervez\u0151 fenntartja a jogot, hogy a jelen j\u00e1t\u00e9kszab\u00e1lyzatban foglalt felt\u00e9teleket vagy mag\u00e1t a nyerem\u00e9nyj\u00e1t\u00e9kot a j\u00e1t\u00e9k id\u0151tartama alatt m\u00f3dos\u00edtsa, vagy megsz\u00fcntesse. A j\u00e1t\u00e9kszab\u00e1lyzat m\u00f3dos\u00edt\u00e1s\u00e1t, illetve a nyerem\u00e9nyj\u00e1t\u00e9k esetleges megsz\u00fcntet\u00e9s\u00e9r\u0151l sz\u00f3l\u00f3 \u00e9rtes\u00edt\u00e9st a Szervez\u0151 k\u00f6zz\u00e9teszi az NVSZ internetes honlapj\u00e1n (nvsz.hu). A nyerem\u00e9nyj\u00e1t\u00e9kban r\u00e9sztvev\u0151k felel\u0151ss\u00e9ge, hogy ezekr\u0151l megfelel\u0151en t\u00e1j\u00e9koz\u00f3djanak.<\/p>\n\n\n\n<ul class=\"wp-block-list\">\n<li><strong>Moder\u00e1l\u00e1s<\/strong><\/li>\n<\/ul>\n\n\n\n<p>A Szervez\u0151 fenntartja a jogot, hogy felhaszn\u00e1l\u00f3i tartalom k\u00f6zl\u00e9s\u00e9t megtagadja, a Felhaszn\u00e1l\u00f3i tartalmat moder\u00e1lja vagy elt\u00e1vol\u00edtsa. A Szervez\u0151 fenntartja tov\u00e1bb\u00e1 a jogot, hogy visszautas\u00edtsa vagy t\u00f6r\u00f6lje a kifog\u00e1solhat\u00f3 tartalmakat \u00e9s\/vagy b\u00e1rmely olyan felhaszn\u00e1l\u00f3i tartalmat, melyet jogs\u00e9rt\u0151nek vagy oda nem ill\u0151nek tal\u00e1l, \u00e9s a felhaszn\u00e1l\u00f3t kiz\u00e1rja a j\u00e1t\u00e9kb\u00f3l.<\/p>\n\n\n\n<ul class=\"wp-block-list\">\n<li><strong>Adatkezel\u00e9s<\/strong><\/li>\n<\/ul>\n\n\n\n<p>7.1. A Szervez\u0151 jelen r\u00e9szv\u00e9teli- \u00e9s j\u00e1t\u00e9kszab\u00e1lyzatnak, valamint az adatv\u00e9delemre vonatkoz\u00f3 jogszab\u00e1lyoknak megfelel\u0151en kezeli a J\u00e1t\u00e9kosok szem\u00e9lyes adatait.<\/p>\n\n\n\n<p>7.2. A J\u00e1t\u00e9kos t\u00e9ves adatszolg\u00e1ltat\u00e1s\u00e1b\u00f3l (post\u00e1z\u00e1si c\u00edm el\u00edr\u00e1sa, hib\u00e1s e-mail c\u00edm, n\u00e9v el\u00edr\u00e1sa stb.) ered\u0151en a Szervez\u0151t felel\u0151ss\u00e9g nem terheli.<\/p>\n\n\n\n<p>7.3. Az NVSZ (a tov\u00e1bbiakban: \u201eAdatkezel\u0151\u201d) az \u00d6n 7.4. pontban meghat\u00e1rozott szem\u00e9lyes adatait a jelen 7.5. pontban meghat\u00e1rozott c\u00e9lb\u00f3l az \u00d6n \u00f6nk\u00e9ntesen adott, el\u0151zetes \u00e9s r\u00e9szletes t\u00e1j\u00e9koztat\u00e1son alapul\u00f3 kifejezett hozz\u00e1j\u00e1rul\u00e1sa alapj\u00e1n kezeli.<\/p>\n\n\n\n<p>A nyerem\u00e9nyj\u00e1t\u00e9kban t\u00f6rt\u00e9n\u0151 r\u00e9szv\u00e9tellel \u00d6n kifejezetten hozz\u00e1j\u00e1rul a 7.4. pontban meghat\u00e1rozott szem\u00e9lyes adatainak kezel\u00e9s\u00e9hez. \u00d6n a J\u00e1t\u00e9kban val\u00f3 r\u00e9szv\u00e9tellel kifejezetten hozz\u00e1j\u00e1rul tov\u00e1bb\u00e1 ahhoz, hogy abban az esetben, ha nyertes lesz, akkor az Adatkezel\u0151 az \u00d6n nev\u00e9t \u00e9s \u2013 ha a nyerem\u00e9ny \u00e1tad\u00e1s\u00e1ra szem\u00e9lyesen ker\u00fcl sor \u2013 a nyerem\u00e9ny \u00e1tad\u00e1sa sor\u00e1n k\u00e9sz\u00fclt k\u00e9pfelv\u00e9telt nyilv\u00e1noss\u00e1gra hozza a Szervez\u0151 hivatalos Facebook oldal\u00e1n. \u00d6n kifejezetten elfogadja \u00e9s tudom\u00e1sul veszi, hogy nem jogosult ellenszolg\u00e1ltat\u00e1sra az adatainak a j\u00e1t\u00e9kkal \u00f6sszef\u00fcgg\u00e9sben t\u00f6rt\u00e9n\u0151 nyilv\u00e1nos k\u00f6zz\u00e9t\u00e9tel\u00e9\u00e9rt. A j\u00e1t\u00e9kban val\u00f3 r\u00e9szv\u00e9tel \u00e9s az adatszolg\u00e1ltat\u00e1s \u00f6nk\u00e9ntes, azonban \u00d6n tudom\u00e1sul veszi, hogy amennyiben kisorsol\u00e1sa eset\u00e9n nem adja meg a nyerem\u00e9ny \u00e1tad\u00e1s\u00e1hoz sz\u00fcks\u00e9ges adatokat, az a j\u00e1t\u00e9kb\u00f3l val\u00f3 kiz\u00e1r\u00e1shoz vezet, azaz elveszti a jogosults\u00e1g\u00e1t a nyerem\u00e9nyre.<\/p>\n\n\n\n<p><strong>7.4. A Kezelt szem\u00e9lyes adatok k\u00f6re<\/strong><strong><\/strong><\/p>\n\n\n\n<p>Az Adatkezel\u0151 a 7.5. pontban meghat\u00e1rozott c\u00e9lb\u00f3l kiz\u00e1r\u00f3lag azon szem\u00e9lyes adatait kezeli, melyeket \u00d6n a j\u00e1t\u00e9kban t\u00f6rt\u00e9n\u0151 r\u00e9szv\u00e9tel sor\u00e1n \u00f6nk\u00e9ntesen adott meg az Adatkezel\u0151nek (p\u00e9ld\u00e1ul n\u00e9v, e-mail c\u00edm, levelez\u00e9si c\u00edm).<\/p>\n\n\n\n<p><strong>7.5. Az adatkezel\u00e9s c\u00e9lja<\/strong><strong><\/strong><\/p>\n\n\n\n<p>Az adatkezel\u0151 jogosult az \u00d6n szem\u00e9lyes adatait a j\u00e1t\u00e9kban val\u00f3 r\u00e9szv\u00e9tel, illetve a nyerem\u00e9ny \u00e1tad\u00e1s\u00e1nak lebonyol\u00edt\u00e1sa c\u00e9lj\u00e1b\u00f3l kezelni.<\/p>\n\n\n\n<p><strong>7.6. Adatkezel\u0151, adatfeldolgoz\u00f3<\/strong><strong><\/strong><\/p>\n\n\n\n<p>Az Adatkezel\u0151 jogosult az \u00d6n szem\u00e9lyes adatait a 7.5. pontban meghat\u00e1rozott c\u00e9lb\u00f3l kezelni. Az \u00d6n szem\u00e9lyes adatainak kezel\u00e9se sor\u00e1n az adatok feldolgoz\u00e1s\u00e1t az NVSZ v\u00e9gzi.<\/p>\n\n\n\n<p><strong>7.7. Adatkezel\u00e9s id\u0151tartama<\/strong><strong><\/strong><\/p>\n\n\n\n<p>Az Adatkezel\u0151 jogosult az \u00d6n szem\u00e9lyes adatait a 7.5. pontban meghat\u00e1rozott c\u00e9lb\u00f3l a hozz\u00e1j\u00e1rul\u00e1sa visszavon\u00e1s\u00e1ig, de legk\u00e9s\u0151bb a J\u00e1t\u00e9k v\u00e9g\u00e9ig kezelni.<\/p>\n\n\n\n<p><strong>7.8. Adatbiztons\u00e1g<\/strong><strong><\/strong><\/p>\n\n\n\n<p>Az Adatkezel\u0151 biztos\u00edtja az \u00d6n szem\u00e9lyes adatainak biztons\u00e1g\u00e1t, tov\u00e1bb\u00e1 v\u00e9grehajtja azokat a technikai \u00e9s szervez\u00e9si int\u00e9zked\u00e9seket, melyek az \u00d6n szem\u00e9lyes adatainak megfelel\u0151 szint\u0171 v\u00e9delm\u00e9t garant\u00e1lj\u00e1k.<\/p>\n\n\n\n<p><strong>7.9. Hozz\u00e1j\u00e1rul\u00e1s visszavon\u00e1sa<\/strong><strong><\/strong><\/p>\n\n\n\n<p>Az Adatkezel\u0151 t\u00e1j\u00e9koztatja \u00d6nt, hogy hozz\u00e1j\u00e1rul\u00e1s\u00e1t b\u00e1rmikor, korl\u00e1toz\u00e1s vagy indokol\u00e1s n\u00e9lk\u00fcl d\u00edjmentesen visszavonhatja az al\u00e1bbi e-mail c\u00edmre k\u00fcld\u00f6tt e-mail \u00fatj\u00e1n: <a href=\"mailto:nvsz@nvsz.hu\">nvsz@nvsz.hu<\/a>).<\/p>\n\n\n\n<ul class=\"wp-block-list\">\n<li><strong>Jogorvoslat<\/strong><\/li>\n<\/ul>\n\n\n\n<p>Az Adatkezel\u0151 ez\u00faton t\u00e1j\u00e9koztatja \u00d6nt, hogy <em>az inform\u00e1ci\u00f3s \u00f6nrendelkez\u00e9si jogr\u00f3l \u00e9s inform\u00e1ci\u00f3szabads\u00e1gr\u00f3l sz\u00f3l\u00f3 2011. \u00e9vi CXII. t\u00f6rv\u00e9ny<\/em> alapj\u00e1n \u00d6n jogosult az adatkezel\u0151t\u0151l az adatainak kezel\u00e9s\u00e9r\u0151l t\u00e1j\u00e9koztat\u00e1st k\u00e9rni, tov\u00e1bb\u00e1 k\u00e9rheti az adatkezel\u0151t\u0151l az adatainak a helyesb\u00edt\u00e9s\u00e9t, jogainak megs\u00e9rt\u00e9se eset\u00e9n a Nemzeti Adatv\u00e9delmi \u00e9s Inform\u00e1ci\u00f3szabads\u00e1g Hat\u00f3s\u00e1ghoz (1125 Budapest, Szil\u00e1gyi Erzs\u00e9bet fasor 22\/c.) vagy b\u00edr\u00f3s\u00e1ghoz fordulhat.<\/p>\n\n\n\n<ul class=\"wp-block-list\">\n<li><strong>A r\u00e9szv\u00e9teli- \u00e9s j\u00e1t\u00e9kszab\u00e1lyzat J\u00e1t\u00e9kos \u00e1ltali elfogad\u00e1sa<\/strong><\/li>\n<\/ul>\n\n\n\n<p>J\u00e1t\u00e9kos a J\u00e1t\u00e9kban val\u00f3 r\u00e9szv\u00e9tel\u00e9vel tudom\u00e1sul veszi \u00e9s elfogadja jelen r\u00e9szv\u00e9teli- \u00e9s j\u00e1t\u00e9kszab\u00e1lyzatban foglalt valamennyi felt\u00e9telt.<\/p>\n\n\n\n<ol class=\"wp-block-list\">\n<li><strong>Z\u00e1r\u00f3 rendelkez\u00e9sek<\/strong><\/li>\n<\/ol>\n\n\n\n<p>10.1. A J\u00e1t\u00e9k tekintet\u00e9ben a magyar jogszab\u00e1lyok az ir\u00e1nyad\u00f3k. A J\u00e1t\u00e9k sor\u00e1n a jelentkez\u00e9sekkel \u00f6sszef\u00fcgg\u00e9sben szerzett valamennyi adat csak a jelentkez\u0151k \u00e1ltal a jelentkez\u00e9skor adott hozz\u00e1j\u00e1rul\u00e1snak, a jelen j\u00e1t\u00e9k- \u00e9s r\u00e9szv\u00e9teli szab\u00e1lyzatnak \u00e9s a Facebook elveknek megfelel\u0151en haszn\u00e1lhat\u00f3 fel.<\/p>\n\n\n\n<p>10.2. A j\u00e1t\u00e9kot a Facebook nem szponzor\u00e1lja, nem t\u00e1mogatja \u00e9s nem hozhat\u00f3 kapcsolatba vele. A J\u00e1t\u00e9kos az adatait a J\u00e1t\u00e9k Szervez\u0151j\u00e9nek bocs\u00e1tja rendelkez\u00e9s\u00e9re, nem a Facebooknak. A J\u00e1t\u00e9kos \u00e1ltal megadott inform\u00e1ci\u00f3k csak a j\u00e1t\u00e9kadminisztr\u00e1ci\u00f3 c\u00e9lj\u00e1ra lesznek felhaszn\u00e1lva. A Facebook nem vesz r\u00e9szt a J\u00e1t\u00e9k szervez\u00e9s\u00e9ben, ez\u00e9rt a J\u00e1t\u00e9kban val\u00f3 r\u00e9szv\u00e9tellel kapcsolatban teljes k\u00f6r\u0171en \u00e9s hi\u00e1nytalanul mentes\u00fcl a J\u00e1t\u00e9kb\u00f3l ered\u0151 k\u00f6telezetts\u00e9gek al\u00f3l.&nbsp;<\/p>\n\n\n\n<p><br>Budapest, 2024. j\u00fanius 13.<\/p>\n\n\n\n<figure class=\"wp-block-gallery has-nested-images columns-default is-cropped wp-block-gallery-1 is-layout-flex wp-block-gallery-is-layout-flex\"><\/figure>\n\n\n\n<figure class=\"wp-block-gallery has-nested-images columns-default is-cropped wp-block-gallery-2 is-layout-flex wp-block-gallery-is-layout-flex\"><\/figure>\n\n\n\n<figure class=\"wp-block-gallery has-nested-images columns-default is-cropped wp-block-gallery-3 is-layout-flex wp-block-gallery-is-layout-flex\"><\/figure>\n\n\n\n<div class=\"wp-block-cover is-layout-constrained wp-block-cover-is-layout-constrained\"><span aria-hidden=\"true\" class=\"wp-block-cover__background has-background-dim-100 has-background-dim\"><\/span><div class=\"wp-block-cover__inner-container\"><\/div><\/div>\n\n\n\n\n\n<div class=\"wp-block-media-text is-stacked-on-mobile\"><figure class=\"wp-block-media-text__media\"><\/figure><div class=\"wp-block-media-text__content\">\n<p><\/p>\n<\/div><\/div>\n","protected":false},"excerpt":{"rendered":"<p>2.1. A Szervez\u0151 \u00e1ltal meghirdetett J\u00e1t\u00e9kban minden, Facebook adatlappal rendelkez\u0151 term\u00e9szetes szem\u00e9ly r\u00e9szt vehet. 3.1. A Szervez\u0151 a J\u00e1t\u00e9kot a J\u00e1t\u00e9kos r\u00e9sz\u00e9re a Szervez\u0151 hivatalos Facebook oldal\u00e1n: https:\/\/www.facebook.com\/Nemzetivedelmiszolgalat) kereszt\u00fcl hirdeti meg. 3.2. A nyerem\u00e9nyj\u00e1t\u00e9k 2024. 06. 16. 24 \u00f3r\u00e1ig tart. 3.3. A Szervez\u0151 nyerem\u00e9nyj\u00e1t\u00e9kot hirdet mindazon J\u00e1t\u00e9kosok k\u00f6z\u00f6tt, akik a NVSZ Facebook oldal\u00e1n a J\u00e1t\u00e9k [&hellip;]<\/p>\n","protected":false},"author":2,"featured_media":248,"comment_status":"open","ping_status":"open","sticky":false,"template":"","format":"standard","meta":{"site-container-style":"default","site-container-layout":"default","site-sidebar-layout":"default","disable-article-header":"default","disable-site-header":"default","disable-site-footer":"default","disable-content-area-spacing":"default","iawp_total_views":75,"footnotes":""},"categories":[5],"tags":[],"class_list":["post-247","post","type-post","status-publish","format-standard","has-post-thumbnail","hentry","category-altalanos"],"_links":{"self":[{"href":"https:\/\/nvsz.hu\/hirek\/index.php?rest_route=\/wp\/v2\/posts\/247","targetHints":{"allow":["GET"]}}],"collection":[{"href":"https:\/\/nvsz.hu\/hirek\/index.php?rest_route=\/wp\/v2\/posts"}],"about":[{"href":"https:\/\/nvsz.hu\/hirek\/index.php?rest_route=\/wp\/v2\/types\/post"}],"author":[{"embeddable":true,"href":"https:\/\/nvsz.hu\/hirek\/index.php?rest_route=\/wp\/v2\/users\/2"}],"replies":[{"embeddable":true,"href":"https:\/\/nvsz.hu\/hirek\/index.php?rest_route=%2Fwp%2Fv2%2Fcomments&post=247"}],"version-history":[{"count":3,"href":"https:\/\/nvsz.hu\/hirek\/index.php?rest_route=\/wp\/v2\/posts\/247\/revisions"}],"predecessor-version":[{"id":251,"href":"https:\/\/nvsz.hu\/hirek\/index.php?rest_route=\/wp\/v2\/posts\/247\/revisions\/251"}],"wp:featuredmedia":[{"embeddable":true,"href":"https:\/\/nvsz.hu\/hirek\/index.php?rest_route=\/wp\/v2\/media\/248"}],"wp:attachment":[{"href":"https:\/\/nvsz.hu\/hirek\/index.php?rest_route=%2Fwp%2Fv2%2Fmedia&parent=247"}],"wp:term":[{"taxonomy":"category","embeddable":true,"href":"https:\/\/nvsz.hu\/hirek\/index.php?rest_route=%2Fwp%2Fv2%2Fcategories&post=247"},{"taxonomy":"post_tag","embeddable":true,"href":"https:\/\/nvsz.hu\/hirek\/index.php?rest_route=%2Fwp%2Fv2%2Ftags&post=247"}],"curies":[{"name":"wp","href":"https:\/\/api.w.org\/{rel}","templated":true}]}}