{"id":266,"date":"2024-06-21T11:09:03","date_gmt":"2024-06-21T11:09:03","guid":{"rendered":"https:\/\/nvsz.hu\/hirek\/?p=266"},"modified":"2024-06-21T11:09:37","modified_gmt":"2024-06-21T11:09:37","slug":"befejezodott-a-hala-tovabbra-sem-penz-elnevezesu-a-halapenz-kivezetesere-iranyulo-televizios-reklamkampany","status":"publish","type":"post","link":"https:\/\/nvsz.hu\/hirek\/?p=266","title":{"rendered":"Befejez\u0151d\u00f6tt \u201eA h\u00e1la tov\u00e1bbra sem p\u00e9nz!\u201d \u2013 elnevez\u00e9s\u0171, a h\u00e1lap\u00e9nz kivezet\u00e9s\u00e9re ir\u00e1nyul\u00f3 telev\u00edzi\u00f3s rekl\u00e1mkamp\u00e1ny"},"content":{"rendered":"\n<p>A Nemzeti V\u00e9delmi Szolg\u00e1lat egyik rekl\u00e1mfilmje h\u00e1rom kateg\u00f3ri\u00e1ban is d\u00edjat nyert New Yorkban.<\/p>\n\n\n\n<p>A Nemzeti V\u00e9delmi Szolg\u00e1lat a h\u00e1lap\u00e9nz visszaszor\u00edt\u00e1sa \u00e9rdek\u00e9ben 2021 m\u00e1rcius\u00e1t\u00f3l v\u00e9gez b\u0171nfelder\u00edt\u0151 \u00e9s megel\u0151z\u00e9si feladatokat.<\/p>\n\n\n\n<p>A Nemzeti V\u00e9delmi Szolg\u00e1lat nyomoz\u00f3 hat\u00f3s\u00e1gi jogk\u00f6rrel nem rendelkezik, a felt\u00e1rt jogs\u00e9rt\u00e9sek eset\u00e9ben feljelent\u00e9st tesz\u00fcnk vagy nyomoz\u00e1st kezdem\u00e9nyez\u00fcnk a rend\u0151rs\u00e9gen, illetve az \u00fcgy\u00e9szs\u00e9gen.<\/p>\n\n\n\n<p>Az eg\u00e9szs\u00e9g\u00fcgyr\u0151l sz\u00f3l\u00f3 t\u00f6rv\u00e9ny (1997. \u00e9vi CLIV. tv.) szerint maximum a mindenkori minim\u00e1lb\u00e9r \u00f6t sz\u00e1zal\u00e9k\u00e1nak megfelel\u0151 \u00e9rt\u00e9k\u0171 aj\u00e1nd\u00e9kot lehet adni az orvosoknak, eg\u00e9szs\u00e9g\u00fcgyi dolgoz\u00f3knak a kezel\u00e9st k\u00f6vet\u0151en, h\u00e1lap\u00e9nzt fizetni tilos. Enn\u00e9l nagyobb \u00e9rt\u00e9k\u0171 aj\u00e1nd\u00e9kot, szolg\u00e1ltat\u00e1st, illetve egy\u00e1ltal\u00e1n p\u00e9nzt adni \u00e9s elfogadni is b\u0171ncselekm\u00e9ny.<\/p>\n\n\n\n<p>A k\u00f6zv\u00e9lem\u00e9ny t\u00e1j\u00e9koztat\u00e1sa a felt\u00e1rt \u00fcgyekr\u0151l folyamatos.<\/p>\n\n\n\n<p>A Nemzeti V\u00e9delmi Szolg\u00e1lat a felder\u00edt\u00e9sen t\u00fal nagy hangs\u00falyt fektet a megel\u0151z\u00e9sre, a szeml\u00e9letv\u00e1lt\u00e1sra. Munkat\u00e1rsaink az \u00e1llami eg\u00e9szs\u00e9g\u00fcgy ter\u00fclet\u00e9n \u00e9vente t\u00f6bb ezer f\u0151t meghalad\u00f3 hallgat\u00f3s\u00e1g r\u00e9sz\u00e9re tartottak b\u0171nmegel\u0151z\u00e9si el\u0151ad\u00e1sokat\u2013 k\u00f6zt\u00fck orvosoknak, \u00e1pol\u00f3knak, egyetemist\u00e1knak. Ezeknek a c\u00e9lja, hogy a r\u00e9sztvev\u0151k min\u00e9l sz\u00e9lesebb k\u00f6rben megismerj\u00e9k az orvos-beteg kapcsolatokban el\u0151fordul\u00f3 korrupci\u00f3s helyzeteket \u00e9s azok elker\u00fcl\u00e9s\u00e9hez \u00e9s kiv\u00e9d\u00e9s\u00e9hez megfelel\u0151 magatart\u00e1st.<\/p>\n\n\n\n<p>A Nemzeti V\u00e9delmi Szolg\u00e1lat folyamatosan dolgozik azon, hogy szeml\u00e9letv\u00e1lt\u00e1s t\u00f6rt\u00e9njen, azt pr\u00f3b\u00e1ljuk az \u00e1llampolg\u00e1rokban, illetve az eg\u00e9szs\u00e9g\u00fcgyi dolgoz\u00f3kban is tudatos\u00edtani, hogy a h\u00e1la kifejez\u00e9s\u00e9nek van m\u00e1s m\u00f3dja is, mint a feszengve \u00e1tadott \u00e9s \u00e1tvett bor\u00edt\u00e9k. \u201eA h\u00e1la nem p\u00e9nz\u201d c\u00edmmel egy kiadv\u00e1nyt \u00e1ll\u00edtottunk \u00f6ssze, melyben egyr\u00e9szt az eg\u00e9szs\u00e9g\u00fcgyi dolgoz\u00f3kat, m\u00e1sr\u00e9szt az \u00e1llampolg\u00e1rokat t\u00e1j\u00e9koztatjuk az \u00faj szab\u00e1lyoz\u00e1sr\u00f3l.<\/p>\n\n\n\n<p>Ennek a szeml\u00e9letform\u00e1l\u00f3 folyamatnak a r\u00e9sze volt az a janu\u00e1r 5-\u00e9n indult telev\u00edzi\u00f3s kamp\u00e1ny, melynek c\u00e9lcsoportja az eg\u00e9szs\u00e9g\u00fcgyi szolg\u00e1ltat\u00e1st ig\u00e9nybe vev\u0151k, vagyis az \u00e1llampolg\u00e1rok.<\/p>\n\n\n\n<p>A \u201eVeszteget\u00e9s kiszor\u00edt\u00e1sa az eg\u00e9szs\u00e9g\u00fcgy ter\u00fclet\u00e9n&#8221; elnevez\u00e9s\u0171 projekt 473 milli\u00f3 forintb\u00f3l, hazai t\u00e1rsfinansz\u00edroz\u00e1sban, eur\u00f3pai uni\u00f3s t\u00e1mogat\u00e1ssal val\u00f3sult meg. Ennek keret\u00e9ben k\u00e9t rekl\u00e1mfilm k\u00e9sz\u00fclt: az egyik az id\u0151sebb koroszt\u00e1lyt c\u00e9lozza, m\u00edg a m\u00e1sik a fiatalabb gener\u00e1ci\u00f3nak sz\u00f3l. A projekt v\u00e9grehajt\u00e1sa sor\u00e1n v\u00e1llaltuk, hogy legal\u00e1bb 5 milli\u00f3 lakost el\u00e9r\u00fcnk a spotokkal, \u00e9pp ez\u00e9rt a rekl\u00e1mok a legk\u00fcl\u00f6nb\u00f6z\u0151bb tematik\u00e1j\u00fa \u2013 \u00f6sszesen 21 \u2013 telev\u00edzi\u00f3s csatorn\u00e1n futottak.<\/p>\n\n\n\n<p>A t\u00f6bb \u00e9les kritik\u00e1t kapott Rap Battle c\u00edm\u0171 rekl\u00e1mfilm h\u00e1rom kateg\u00f3ri\u00e1ban \u2013 \u201eKorm\u00e1nyzati t\u00e1j\u00e9koztat\u00e1s\u201d, a \u201eFiatalok megsz\u00f3l\u00edt\u00e1sa\u201d, valamint \u201eTV rekl\u00e1m\u201d \u2013 nyert arany\u00e9rmet a New Yorkban megrendezett MUSE Creative Awards (MUSE-d\u00edj) rekl\u00e1mversenyen.<\/p>\n\n\n\n<p><\/p>\n\n\n\n<figure class=\"wp-block-gallery has-nested-images columns-default is-cropped wp-block-gallery-1 is-layout-flex wp-block-gallery-is-layout-flex\">\n<figure class=\"wp-block-image size-large\"><img loading=\"lazy\" decoding=\"async\" width=\"1024\" height=\"683\" data-id=\"272\" src=\"https:\/\/nvsz.hu\/hirek\/wp-content\/uploads\/2024\/06\/00-1-1024x683.jpg\" alt=\"\" class=\"wp-image-272\" srcset=\"https:\/\/nvsz.hu\/hirek\/wp-content\/uploads\/2024\/06\/00-1-1024x683.jpg 1024w, https:\/\/nvsz.hu\/hirek\/wp-content\/uploads\/2024\/06\/00-1-300x200.jpg 300w, https:\/\/nvsz.hu\/hirek\/wp-content\/uploads\/2024\/06\/00-1-768x512.jpg 768w, https:\/\/nvsz.hu\/hirek\/wp-content\/uploads\/2024\/06\/00-1-1536x1024.jpg 1536w, https:\/\/nvsz.hu\/hirek\/wp-content\/uploads\/2024\/06\/00-1-2048x1366.jpg 2048w\" sizes=\"auto, (max-width: 1024px) 100vw, 1024px\" \/><\/figure>\n\n\n\n<figure class=\"wp-block-image size-large\"><img loading=\"lazy\" decoding=\"async\" width=\"1024\" height=\"682\" data-id=\"270\" src=\"https:\/\/nvsz.hu\/hirek\/wp-content\/uploads\/2024\/06\/02-1024x682.jpg\" alt=\"\" class=\"wp-image-270\" srcset=\"https:\/\/nvsz.hu\/hirek\/wp-content\/uploads\/2024\/06\/02-1024x682.jpg 1024w, https:\/\/nvsz.hu\/hirek\/wp-content\/uploads\/2024\/06\/02-300x200.jpg 300w, https:\/\/nvsz.hu\/hirek\/wp-content\/uploads\/2024\/06\/02-768x512.jpg 768w, https:\/\/nvsz.hu\/hirek\/wp-content\/uploads\/2024\/06\/02-1536x1023.jpg 1536w, https:\/\/nvsz.hu\/hirek\/wp-content\/uploads\/2024\/06\/02.jpg 1993w\" sizes=\"auto, (max-width: 1024px) 100vw, 1024px\" \/><\/figure>\n\n\n\n<figure class=\"wp-block-image size-large\"><img loading=\"lazy\" decoding=\"async\" width=\"1024\" height=\"683\" data-id=\"271\" src=\"https:\/\/nvsz.hu\/hirek\/wp-content\/uploads\/2024\/06\/01-1-1024x683.jpg\" alt=\"\" class=\"wp-image-271\" srcset=\"https:\/\/nvsz.hu\/hirek\/wp-content\/uploads\/2024\/06\/01-1-1024x683.jpg 1024w, https:\/\/nvsz.hu\/hirek\/wp-content\/uploads\/2024\/06\/01-1-300x200.jpg 300w, https:\/\/nvsz.hu\/hirek\/wp-content\/uploads\/2024\/06\/01-1-768x512.jpg 768w, https:\/\/nvsz.hu\/hirek\/wp-content\/uploads\/2024\/06\/01-1-1536x1024.jpg 1536w, https:\/\/nvsz.hu\/hirek\/wp-content\/uploads\/2024\/06\/01-1-2048x1366.jpg 2048w\" sizes=\"auto, (max-width: 1024px) 100vw, 1024px\" \/><\/figure>\n<\/figure>\n\n\n\n<figure class=\"wp-block-image\"><img loading=\"lazy\" decoding=\"async\" width=\"2000\" height=\"1334\" src=\"https:\/\/nvsz.hu\/hirek\/wp-content\/uploads\/2024\/06\/03.jpg\" alt=\"\" class=\"wp-image-269\" srcset=\"https:\/\/nvsz.hu\/hirek\/wp-content\/uploads\/2024\/06\/03.jpg 2000w, https:\/\/nvsz.hu\/hirek\/wp-content\/uploads\/2024\/06\/03-300x200.jpg 300w, https:\/\/nvsz.hu\/hirek\/wp-content\/uploads\/2024\/06\/03-1024x683.jpg 1024w, https:\/\/nvsz.hu\/hirek\/wp-content\/uploads\/2024\/06\/03-768x512.jpg 768w, https:\/\/nvsz.hu\/hirek\/wp-content\/uploads\/2024\/06\/03-1536x1025.jpg 1536w\" sizes=\"auto, (max-width: 2000px) 100vw, 2000px\" \/><\/figure>\n","protected":false},"excerpt":{"rendered":"<p>A Nemzeti V\u00e9delmi Szolg\u00e1lat egyik rekl\u00e1mfilmje h\u00e1rom kateg\u00f3ri\u00e1ban is d\u00edjat nyert New Yorkban. A Nemzeti V\u00e9delmi Szolg\u00e1lat a h\u00e1lap\u00e9nz visszaszor\u00edt\u00e1sa \u00e9rdek\u00e9ben 2021 m\u00e1rcius\u00e1t\u00f3l v\u00e9gez b\u0171nfelder\u00edt\u0151 \u00e9s megel\u0151z\u00e9si feladatokat. A Nemzeti V\u00e9delmi Szolg\u00e1lat nyomoz\u00f3 hat\u00f3s\u00e1gi jogk\u00f6rrel nem rendelkezik, a felt\u00e1rt jogs\u00e9rt\u00e9sek eset\u00e9ben feljelent\u00e9st tesz\u00fcnk vagy nyomoz\u00e1st kezdem\u00e9nyez\u00fcnk a rend\u0151rs\u00e9gen, illetve az \u00fcgy\u00e9szs\u00e9gen. Az eg\u00e9szs\u00e9g\u00fcgyr\u0151l sz\u00f3l\u00f3 t\u00f6rv\u00e9ny [&hellip;]<\/p>\n","protected":false},"author":2,"featured_media":269,"comment_status":"closed","ping_status":"closed","sticky":false,"template":"","format":"standard","meta":{"site-container-style":"default","site-container-layout":"default","site-sidebar-layout":"default","disable-article-header":"default","disable-site-header":"default","disable-site-footer":"default","disable-content-area-spacing":"default","iawp_total_views":191,"footnotes":""},"categories":[5],"tags":[],"class_list":["post-266","post","type-post","status-publish","format-standard","has-post-thumbnail","hentry","category-altalanos"],"_links":{"self":[{"href":"https:\/\/nvsz.hu\/hirek\/index.php?rest_route=\/wp\/v2\/posts\/266","targetHints":{"allow":["GET"]}}],"collection":[{"href":"https:\/\/nvsz.hu\/hirek\/index.php?rest_route=\/wp\/v2\/posts"}],"about":[{"href":"https:\/\/nvsz.hu\/hirek\/index.php?rest_route=\/wp\/v2\/types\/post"}],"author":[{"embeddable":true,"href":"https:\/\/nvsz.hu\/hirek\/index.php?rest_route=\/wp\/v2\/users\/2"}],"replies":[{"embeddable":true,"href":"https:\/\/nvsz.hu\/hirek\/index.php?rest_route=%2Fwp%2Fv2%2Fcomments&post=266"}],"version-history":[{"count":1,"href":"https:\/\/nvsz.hu\/hirek\/index.php?rest_route=\/wp\/v2\/posts\/266\/revisions"}],"predecessor-version":[{"id":273,"href":"https:\/\/nvsz.hu\/hirek\/index.php?rest_route=\/wp\/v2\/posts\/266\/revisions\/273"}],"wp:featuredmedia":[{"embeddable":true,"href":"https:\/\/nvsz.hu\/hirek\/index.php?rest_route=\/wp\/v2\/media\/269"}],"wp:attachment":[{"href":"https:\/\/nvsz.hu\/hirek\/index.php?rest_route=%2Fwp%2Fv2%2Fmedia&parent=266"}],"wp:term":[{"taxonomy":"category","embeddable":true,"href":"https:\/\/nvsz.hu\/hirek\/index.php?rest_route=%2Fwp%2Fv2%2Fcategories&post=266"},{"taxonomy":"post_tag","embeddable":true,"href":"https:\/\/nvsz.hu\/hirek\/index.php?rest_route=%2Fwp%2Fv2%2Ftags&post=266"}],"curies":[{"name":"wp","href":"https:\/\/api.w.org\/{rel}","templated":true}]}}