{"id":32,"date":"2022-12-20T17:38:00","date_gmt":"2022-12-20T17:38:00","guid":{"rendered":"https:\/\/nvsz.hu\/hirek\/?p=32"},"modified":"2023-11-16T18:04:02","modified_gmt":"2023-11-16T18:04:02","slug":"meleg-etel-az-otthontalanoknak","status":"publish","type":"post","link":"https:\/\/nvsz.hu\/hirek\/?p=32","title":{"rendered":"Meleg \u00e9tel az otthontalanoknak"},"content":{"rendered":"\n<h3 class=\"wp-block-heading\">K\u00f6zel f\u00e9l tonna tart\u00f3s \u00e9lelmiszert gy\u0171jt\u00f6ttek a Nemzeti V\u00e9delmi Szolg\u00e1lat munkat\u00e1rsai decemberben, amelyet a M\u00e1ltai Szeretetszolg\u00e1laton kereszt\u00fcl a legink\u00e1bb r\u00e1szorultaknak juttattak el.<\/h3>\n\n\n\n<p>Az NVSZ munkat\u00e1rsai \u00e1ltal gy\u0171jt\u00f6tt adom\u00e1nyb\u00f3l a fed\u00e9l n\u00e9lk\u00fcl \u00e9l\u0151, otthontalan embereknek biztos\u00edtanak kar\u00e1csonykor meleg \u00e9telt \u00e9s \u00e9lelmiszercsomagot a M\u00e1ltai Szeretetszolg\u00e1lat seg\u00edt\u0151i. A legink\u00e1bb r\u00e1szorul\u00f3knak gy\u0171jt\u00f6tt adom\u00e1nyt Z\u00f6llei-Varga Annam\u00e1ria rend\u0151r ezredes, a Nemzeti V\u00e9delmi Szolg\u00e1lat Gazdas\u00e1gi \u00e9s Hum\u00e1n Igazgat\u00f3s\u00e1g igazgat\u00f3ja adta \u00e1t 2022. december 19-\u00e9n Bisztriczki Csab\u00e1nak, a M\u00e1ltai Szeretetszolg\u00e1lat logisztikai igazgat\u00f3j\u00e1nak.<\/p>\n\n\n\n<figure class=\"wp-block-embed is-type-video is-provider-youtube wp-block-embed-youtube wp-embed-aspect-16-9 wp-has-aspect-ratio\"><div class=\"wp-block-embed__wrapper\">\n<iframe loading=\"lazy\" title=\"Nemzeti V\u00e9delmi Szolg\u00e1lat adom\u00e1nygy\u0171jt\u00e9se\" width=\"500\" height=\"281\" src=\"https:\/\/www.youtube.com\/embed\/r4Xv1oHn_WY?feature=oembed\" frameborder=\"0\" allow=\"accelerometer; autoplay; clipboard-write; encrypted-media; gyroscope; picture-in-picture; web-share\" referrerpolicy=\"strict-origin-when-cross-origin\" allowfullscreen><\/iframe>\n<\/div><\/figure>\n","protected":false},"excerpt":{"rendered":"<p>K\u00f6zel f\u00e9l tonna tart\u00f3s \u00e9lelmiszert gy\u0171jt\u00f6ttek a Nemzeti V\u00e9delmi Szolg\u00e1lat munkat\u00e1rsai decemberben, amelyet a M\u00e1ltai Szeretetszolg\u00e1laton kereszt\u00fcl a legink\u00e1bb r\u00e1szorultaknak juttattak el. Az NVSZ munkat\u00e1rsai \u00e1ltal gy\u0171jt\u00f6tt adom\u00e1nyb\u00f3l a fed\u00e9l n\u00e9lk\u00fcl \u00e9l\u0151, otthontalan embereknek biztos\u00edtanak kar\u00e1csonykor meleg \u00e9telt \u00e9s \u00e9lelmiszercsomagot a M\u00e1ltai Szeretetszolg\u00e1lat seg\u00edt\u0151i. A legink\u00e1bb r\u00e1szorul\u00f3knak gy\u0171jt\u00f6tt adom\u00e1nyt Z\u00f6llei-Varga Annam\u00e1ria rend\u0151r ezredes, a Nemzeti [&hellip;]<\/p>\n","protected":false},"author":1,"featured_media":34,"comment_status":"closed","ping_status":"closed","sticky":false,"template":"","format":"standard","meta":{"site-container-style":"default","site-container-layout":"default","site-sidebar-layout":"default","disable-article-header":"default","disable-site-header":"default","disable-site-footer":"default","disable-content-area-spacing":"default","iawp_total_views":71,"footnotes":""},"categories":[5],"tags":[],"class_list":["post-32","post","type-post","status-publish","format-standard","has-post-thumbnail","hentry","category-altalanos"],"_links":{"self":[{"href":"https:\/\/nvsz.hu\/hirek\/index.php?rest_route=\/wp\/v2\/posts\/32","targetHints":{"allow":["GET"]}}],"collection":[{"href":"https:\/\/nvsz.hu\/hirek\/index.php?rest_route=\/wp\/v2\/posts"}],"about":[{"href":"https:\/\/nvsz.hu\/hirek\/index.php?rest_route=\/wp\/v2\/types\/post"}],"author":[{"embeddable":true,"href":"https:\/\/nvsz.hu\/hirek\/index.php?rest_route=\/wp\/v2\/users\/1"}],"replies":[{"embeddable":true,"href":"https:\/\/nvsz.hu\/hirek\/index.php?rest_route=%2Fwp%2Fv2%2Fcomments&post=32"}],"version-history":[{"count":1,"href":"https:\/\/nvsz.hu\/hirek\/index.php?rest_route=\/wp\/v2\/posts\/32\/revisions"}],"predecessor-version":[{"id":33,"href":"https:\/\/nvsz.hu\/hirek\/index.php?rest_route=\/wp\/v2\/posts\/32\/revisions\/33"}],"wp:featuredmedia":[{"embeddable":true,"href":"https:\/\/nvsz.hu\/hirek\/index.php?rest_route=\/wp\/v2\/media\/34"}],"wp:attachment":[{"href":"https:\/\/nvsz.hu\/hirek\/index.php?rest_route=%2Fwp%2Fv2%2Fmedia&parent=32"}],"wp:term":[{"taxonomy":"category","embeddable":true,"href":"https:\/\/nvsz.hu\/hirek\/index.php?rest_route=%2Fwp%2Fv2%2Fcategories&post=32"},{"taxonomy":"post_tag","embeddable":true,"href":"https:\/\/nvsz.hu\/hirek\/index.php?rest_route=%2Fwp%2Fv2%2Ftags&post=32"}],"curies":[{"name":"wp","href":"https:\/\/api.w.org\/{rel}","templated":true}]}}