{"id":41,"date":"2023-01-27T18:00:00","date_gmt":"2023-01-27T18:00:00","guid":{"rendered":"https:\/\/nvsz.hu\/hirek\/?p=41"},"modified":"2024-01-07T18:27:11","modified_gmt":"2024-01-07T18:27:11","slug":"egyutt-nyomozott-a-nyomozo-az-ugyesz-es-a-biro","status":"publish","type":"post","link":"https:\/\/nvsz.hu\/hirek\/?p=41","title":{"rendered":"Egy\u00fctt nyomozott a nyomoz\u00f3, az \u00fcgy\u00e9sz \u00e9s a b\u00edr\u00f3"},"content":{"rendered":"\n<p>V\u00e9g\u00e9hez \u00e9rkezett az a szakmai k\u00e9pz\u00e9ssorozat, amelyet a Nemzeti V\u00e9delmi Szolg\u00e1lat Korrupci\u00f3megel\u0151z\u00e9si F\u0151oszt\u00e1lya szervezett \u201eAntikorrupci\u00f3s k\u00e9pz\u00e9sek kiemelten a nemzetk\u00f6zi veszteget\u00e9s t\u00e1rgy\u00e1ban\u201d elnevez\u00e9s\u0171 eur\u00f3pai uni\u00f3s projekt keretein bel\u00fcl rendv\u00e9delmi \u00e9s igazs\u00e1g\u00fcgyi szakemberek sz\u00e1m\u00e1ra. A n\u00e9gy r\u00e9szes k\u00e9pz\u00e9s utols\u00f3 \u00e1llom\u00e1sa 2023. janu\u00e1r 25-\u00e9n Sz\u00e9kesfeh\u00e9rv\u00e1ron volt, ahol nyugat-dun\u00e1nt\u00fali szakemberek vettek r\u00e9szt 4 csoportban, \u00f6sszesen 32 f\u0151vel. Minden egyes csoportban az igazs\u00e1gszolg\u00e1ltat\u00e1s r\u00e9sztvev\u0151i k\u00e9pviseltett\u00e9k magukat, munk\u00e1jukat pedig szint\u00e9n az igazs\u00e1gszolg\u00e1ltat\u00e1s k\u00fcl\u00f6nb\u00f6z\u0151 szintjeit k\u00e9pvisel\u0151 4 f\u0151s eln\u00f6ks\u00e9g seg\u00edtette \u00e9s fel\u00fcgyelte.<\/p>\n\n\n\n<figure class=\"wp-block-image size-large\"><img loading=\"lazy\" decoding=\"async\" width=\"1024\" height=\"683\" src=\"https:\/\/nvsz.hu\/hirek\/wp-content\/uploads\/2024\/01\/konferencia-1024x683.jpg\" alt=\"\" class=\"wp-image-47\" srcset=\"https:\/\/nvsz.hu\/hirek\/wp-content\/uploads\/2024\/01\/konferencia-1024x683.jpg 1024w, https:\/\/nvsz.hu\/hirek\/wp-content\/uploads\/2024\/01\/konferencia-300x200.jpg 300w, https:\/\/nvsz.hu\/hirek\/wp-content\/uploads\/2024\/01\/konferencia-768x512.jpg 768w, https:\/\/nvsz.hu\/hirek\/wp-content\/uploads\/2024\/01\/konferencia-1536x1024.jpg 1536w, https:\/\/nvsz.hu\/hirek\/wp-content\/uploads\/2024\/01\/konferencia-2048x1366.jpg 2048w\" sizes=\"auto, (max-width: 1024px) 100vw, 1024px\" \/><\/figure>\n\n\n\n<p>A k\u00e9pz\u00e9ssorozat \u00e9rdekess\u00e9ge volt, hogy els\u0151 alkalommal \u00fcltette egy asztalhoz az igazs\u00e1gszolg\u00e1ltat\u00e1s k\u00fcl\u00f6nb\u00f6z\u0151 szintjeinek r\u00e9sztvev\u0151it: a felder\u00edt\u0151t, a nyomoz\u00f3t, az \u00fcgy\u00e9szt \u00e9s a b\u00edr\u00f3t. A virtu\u00e1lis nyomoz\u00e1s keretei k\u00f6z\u00f6tt &#8211; amely egy\u00e9bk\u00e9nt egy kor\u00e1bban megt\u00f6rt\u00e9nt jogesetet dolgozott fel &#8211; a h\u00e1rom hivat\u00e1srend szoros egy\u00fcttm\u0171k\u00f6d\u00e9s\u00e9nek fontoss\u00e1g\u00e1t tapasztalhatt\u00e1k meg.<\/p>\n\n\n\n<p>Ezt hangs\u00falyozta dr. Szoboszlai-Sz\u00e1sz Rich\u00e1rd f\u0151oszt\u00e1lyvezet\u0151 \u00fcgy\u00e9sz is, a Legf\u0151bb \u00dcgy\u00e9szs\u00e9g Kiemelt, Korrupci\u00f3s \u00e9s Szervezett B\u0171n\u00f6z\u00e9s Elleni \u00dcgyek F\u0151oszt\u00e1ly\u00e1nak vezet\u0151je \u00e9rt\u00e9kel\u00e9se sor\u00e1n. Elmondta, hogy az eddigi legakt\u00edvabb csapatmunka keret\u00e9ben siker\u00fclt bemutatni azt, hogyan tudnak a k\u00fcl\u00f6nb\u00f6z\u0151 szervek hat\u00e9konyan egy\u00fcttm\u0171k\u00f6dni. A r\u00e9sztvev\u0151k j\u00f3l azonos\u00edtott\u00e1k a k\u00fcl\u00f6nb\u00f6z\u0151 elj\u00e1r\u00e1srendeket, megvolt az az \u00edve a feladatv\u00e9grehajt\u00e1snak, amely nemcsak a konvencion\u00e1lis, hanem innovat\u00edv egy\u00fcttm\u0171k\u00f6d\u00e9sen alapul\u00f3 megold\u00e1shoz vezette el a r\u00e9sztvev\u0151ket. A csoporttagoknak a virtu\u00e1lis nyomoz\u00e1s sor\u00e1n siker\u00fclt mindent felkutatni, r\u00f6gz\u00edteni, a bizony\u00edt\u00e1si eszk\u00f6z\u00f6ket l\u00e9trehozni.<\/p>\n\n\n\n<p>Ezt er\u0151s\u00edtette meg Dr. Cs\u00e1k Zsolt, a K\u00faria B\u00fcntet\u0151 Koll\u00e9gium vezet\u0151je is, aki hozz\u00e1tette, hogy a megold\u00e1sig \u00fagy jutottak el a r\u00e9sztvev\u0151k, hogy a t\u00f6rt\u00e9neti t\u00e9nyeket fel\u00e9p\u00edtve minden lehets\u00e9ges t\u00f6rv\u00e9nyes eszk\u00f6zt felhaszn\u00e1ltak. Ismertette a val\u00f3di t\u00f6rt\u00e9neti t\u00e9ny\u00e1ll\u00e1st, illetve elmondta, hogy az eredm\u00e9nyes v\u00e1demel\u00e9snek k\u00e9t felt\u00e9tele van: az alapos nyomozati munka, illetve a megsz\u00fcntet\u00e9sr\u0151l sz\u00f3l\u00f3 hat\u00e1rozatok megalapozotts\u00e1ga.<\/p>\n\n\n\n<p>A nyomoz\u00f3 hat\u00f3s\u00e1g k\u00e9pviselet\u00e9ben Kiss Istv\u00e1n Zolt\u00e1n r. alezredes, a K\u00e9szenl\u00e9ti Rend\u0151rs\u00e9g Nemzeti Nyomoz\u00f3 Iroda oszt\u00e1lyvezet\u0151je rendk\u00edv\u00fcl pozit\u00edvnak \u00e9rt\u00e9kelte a r\u00e9sztvev\u0151kt\u0151l a vagyonfelder\u00edt\u00e9s \u00e9s vagyonelvon\u00e1s vizsg\u00e1lat\u00e1t \u00e9s fontoss\u00e1g\u00e1t, valamint annak folyamatos figyelemmel k\u00eds\u00e9r\u00e9s\u00e9t a virtu\u00e1lis nyomoz\u00e1s sor\u00e1n.<\/p>\n\n\n\n<p>Mez\u0151 L\u00e1szl\u00f3 r. ezredes, a Nemzeti V\u00e9delmi Szolg\u00e1lat f\u0151oszt\u00e1lyvezet\u0151je kiemelte, hogy egy eredm\u00e9nyes nyomoz\u00e1s befejez\u00e9s\u00e9t megel\u0151z\u0151 komoly felder\u00edt\u0151 munka milyen jelent\u0151s er\u0151forr\u00e1sokat \u00e9s kapacit\u00e1st ig\u00e9nyel az abban r\u00e9sztvev\u0151 rendv\u00e9delmi \u00e9s igazs\u00e1g\u00fcgyi szervek r\u00e9sz\u00e9r\u0151l, amely csak olyan hat\u00e9kony, intenz\u00edv \u00e9s szoros egy\u00fcttm\u0171k\u00f6d\u00e9ssel tud megval\u00f3sulni, amilyen kreat\u00edv intenzit\u00e1ssal ezt a jelen k\u00e9pz\u00e9sben r\u00e9sztvev\u0151k is bizony\u00edtott\u00e1k, hiszen az \u00fat a c\u00e9lig nemcsak sz\u00edv\u00fcgy, hanem t\u00f6rv\u00e9nyi k\u00f6telezetts\u00e9g is.<\/p>\n\n\n\n<p>\u00d6sszegz\u00e9seikben az eln\u00f6ks\u00e9g tagjai hangs\u00falyozt\u00e1k, hogy a remek \u00f6tletek \u00e9s lehet\u0151s\u00e9gek, a kreat\u00edv megold\u00e1si form\u00e1k, az egy\u00fctt gondolkod\u00e1s, az intenz\u00edv aktivit\u00e1s, valamint a hat\u00e9kony \u00e9s szoros egy\u00fcttm\u0171k\u00f6d\u00e9s mind-mind hozz\u00e1j\u00e1rultak az eredm\u00e9nyess\u00e9ghez \u00e9s a v\u00e9gs\u0151 megold\u00e1shoz.<\/p>\n\n\n\n<p>V\u00e9gezet\u00fcl felh\u00edvt\u00e1k a figyelmet a nemzetk\u00f6zi egy\u00fcttm\u0171k\u00f6d\u00e9s fontoss\u00e1g\u00e1ra \u00e9s felhaszn\u00e1l\u00e1s\u00e1ra a rendv\u00e9delmi \u00e9s igazs\u00e1g\u00fcgyi szervek r\u00e9sz\u00e9r\u0151l mindennapi tev\u00e9kenys\u00e9g\u00fck sor\u00e1n.<\/p>\n","protected":false},"excerpt":{"rendered":"<p>V\u00e9g\u00e9hez \u00e9rkezett az a szakmai k\u00e9pz\u00e9ssorozat, amelyet a Nemzeti V\u00e9delmi Szolg\u00e1lat Korrupci\u00f3megel\u0151z\u00e9si F\u0151oszt\u00e1lya szervezett \u201eAntikorrupci\u00f3s k\u00e9pz\u00e9sek kiemelten a nemzetk\u00f6zi veszteget\u00e9s t\u00e1rgy\u00e1ban\u201d elnevez\u00e9s\u0171 eur\u00f3pai uni\u00f3s projekt keretein bel\u00fcl rendv\u00e9delmi \u00e9s igazs\u00e1g\u00fcgyi szakemberek sz\u00e1m\u00e1ra. A n\u00e9gy r\u00e9szes k\u00e9pz\u00e9s utols\u00f3 \u00e1llom\u00e1sa 2023. janu\u00e1r 25-\u00e9n Sz\u00e9kesfeh\u00e9rv\u00e1ron volt, ahol nyugat-dun\u00e1nt\u00fali szakemberek vettek r\u00e9szt 4 csoportban, \u00f6sszesen 32 f\u0151vel. Minden egyes [&hellip;]<\/p>\n","protected":false},"author":1,"featured_media":47,"comment_status":"closed","ping_status":"closed","sticky":false,"template":"","format":"standard","meta":{"site-container-style":"default","site-container-layout":"default","site-sidebar-layout":"default","disable-article-header":"default","disable-site-header":"default","disable-site-footer":"default","disable-content-area-spacing":"default","iawp_total_views":85,"footnotes":""},"categories":[5],"tags":[],"class_list":["post-41","post","type-post","status-publish","format-standard","has-post-thumbnail","hentry","category-altalanos"],"_links":{"self":[{"href":"https:\/\/nvsz.hu\/hirek\/index.php?rest_route=\/wp\/v2\/posts\/41","targetHints":{"allow":["GET"]}}],"collection":[{"href":"https:\/\/nvsz.hu\/hirek\/index.php?rest_route=\/wp\/v2\/posts"}],"about":[{"href":"https:\/\/nvsz.hu\/hirek\/index.php?rest_route=\/wp\/v2\/types\/post"}],"author":[{"embeddable":true,"href":"https:\/\/nvsz.hu\/hirek\/index.php?rest_route=\/wp\/v2\/users\/1"}],"replies":[{"embeddable":true,"href":"https:\/\/nvsz.hu\/hirek\/index.php?rest_route=%2Fwp%2Fv2%2Fcomments&post=41"}],"version-history":[{"count":4,"href":"https:\/\/nvsz.hu\/hirek\/index.php?rest_route=\/wp\/v2\/posts\/41\/revisions"}],"predecessor-version":[{"id":49,"href":"https:\/\/nvsz.hu\/hirek\/index.php?rest_route=\/wp\/v2\/posts\/41\/revisions\/49"}],"wp:featuredmedia":[{"embeddable":true,"href":"https:\/\/nvsz.hu\/hirek\/index.php?rest_route=\/wp\/v2\/media\/47"}],"wp:attachment":[{"href":"https:\/\/nvsz.hu\/hirek\/index.php?rest_route=%2Fwp%2Fv2%2Fmedia&parent=41"}],"wp:term":[{"taxonomy":"category","embeddable":true,"href":"https:\/\/nvsz.hu\/hirek\/index.php?rest_route=%2Fwp%2Fv2%2Fcategories&post=41"},{"taxonomy":"post_tag","embeddable":true,"href":"https:\/\/nvsz.hu\/hirek\/index.php?rest_route=%2Fwp%2Fv2%2Ftags&post=41"}],"curies":[{"name":"wp","href":"https:\/\/api.w.org\/{rel}","templated":true}]}}