{"id":417,"date":"2024-11-16T07:48:14","date_gmt":"2024-11-16T07:48:14","guid":{"rendered":"https:\/\/nvsz.hu\/hirek\/?p=417"},"modified":"2024-11-16T07:48:14","modified_gmt":"2024-11-16T07:48:14","slug":"ket-ugy-de-ugyanaz-a-vege","status":"publish","type":"post","link":"https:\/\/nvsz.hu\/hirek\/?p=417","title":{"rendered":"K\u00e9t \u00fcgy, de ugyanaz a v\u00e9ge"},"content":{"rendered":"\n<p><strong>\u00dajabb k\u00e9t f\u00e9rfit ker\u00edtettek k\u00e9zre a Nemzeti V\u00e9delmi Szolg\u00e1lat (NVSZ) v\u00e9delmi tisztjei, akik rend\u0151r\u00f6ket b\u00e1ntalmaztak, majd nem m\u0171k\u00f6dtek egy\u00fctt a hat\u00f3s\u00e1gokkal.<\/strong><\/p>\n\n\n\n<p>M\u00e1r m\u00e1sodj\u00e1ra azonos\u00edtott\u00e1k be az NVSZ v\u00e9delmi tisztjei a tart\u00f3zkod\u00e1si hely\u00e9t annak a 35 \u00e9ves f\u00e9rfinek, aki 2019-ben k\u00e9ssel t\u00e1madt rend\u0151r\u00f6kre.&nbsp;<\/p>\n\n\n\n<p>Budapesten, a XIII. ker\u00fclet egyik lak\u00e1s\u00e1ban \u0151rj\u00f6ng\u0151 f\u00e9rfi miatt k\u00e9rtek rend\u0151ri int\u00e9zked\u00e9st 2019 \u00e1prilis\u00e1ban. A f\u00e9rfi a rend\u0151ri felsz\u00f3l\u00edt\u00e1snak nem tett eleget, ehelyett egy k\u00e9st vett mag\u00e1hoz \u00e9s el\u0151bb \u00f6ngyilkoss\u00e1ggal, majd a rend\u0151r\u00f6k megsebes\u00edt\u00e9s\u00e9vel fenyeget\u0151z\u00f6tt. R\u00e1 is t\u00e1madt a rend\u0151r\u00f6kre, akiket megsebes\u00edtett, v\u00e9g\u00fcl csak fegyverhaszn\u00e1lat kil\u00e1t\u00e1s\u00e1ba helyez\u00e9s\u00e9vel tudt\u00e1k megf\u00e9kezni. Az \u00fcgy\u00e9szs\u00e9g 3 \u00e9v let\u00f6ltend\u0151 szabads\u00e1gveszt\u00e9st k\u00e9rt a f\u00e9rfire, aki 2023-ban megsz\u00f6k\u00f6tt, \u00edgy elfogat\u00f3parancsot adtak ki ellene.<\/p>\n\n\n\n<p>A Nemzeti V\u00e9delmi Szolg\u00e1lat v\u00e9delmi funkci\u00f3ja alapj\u00e1n folyamatosan figyelemmel k\u00eds\u00e9ri azokat a hivatalos szem\u00e9ly elleni er\u0151szakos b\u0171ncselekm\u00e9nyeket, ahol az elk\u00f6vet\u0151 megsz\u00f6kik a hat\u00f3s\u00e1gok el\u0151l. V\u00e9delmi tisztjeink a rendelkez\u00e9sre \u00e1ll\u00f3 eszk\u00f6z\u00f6k seg\u00edts\u00e9g\u00e9vel meg\u00e1llap\u00edtott\u00e1k, hogy a keresett f\u00e9rfi Csehorsz\u00e1gban tart\u00f3zkodik, \u00edgy \u2013 nemzetk\u00f6zi elfogat\u00f3parancs alapj\u00e1n \u2013 a cseh rend\u0151rs\u00e9g c\u00e9lk\u00f6r\u00f6z\u00e9si egys\u00e9ge 2024. \u00e1prilis 23-\u00e1n Brnoban elfogta, majd m\u00e1jus 3-\u00e1n Magyarorsz\u00e1gra sz\u00e1ll\u00edtott\u00e1k, \u00e9s \u00e1tadt\u00e1k a b\u00fcntet\u0151elj\u00e1r\u00e1st lefolytat\u00f3 b\u00edr\u00f3nak. &nbsp;<\/p>\n\n\n\n<p>P. Zsoltot m\u00e1jusban az elj\u00e1r\u00e1si b\u00edr\u00f3 kihallgatta, majd szabadon bocs\u00e1totta, aki ezut\u00e1n ism\u00e9t kivonta mag\u00e1t a b\u00fcntet\u0151elj\u00e1r\u00e1s al\u00f3l \u00e9s sorra nem jelent meg az id\u00e9z\u00e9seken. Miut\u00e1n az elj\u00e1r\u00e1st folytat\u00f3 b\u00edr\u00f3s\u00e1g 2024. okt\u00f3ber 18-\u00e1n \u00fajb\u00f3l elfogat\u00f3parancsot bocs\u00e1tott ki ellene, okt\u00f3ber 21-\u00e9n Budapesten elfogt\u00e1k \u00e9s ez\u00fattal le is tart\u00f3ztatt\u00e1k.<\/p>\n\n\n\n<p>2024. november 4-\u00e9n rendelete el a Pesti K\u00f6zponti Ker\u00fcleti B\u00edr\u00f3s\u00e1g annak a 38 \u00e9ves f\u00e9rfinek a k\u00f6r\u00f6z\u00e9s\u00e9t, aki 2021 december\u00e9ben Budapest VIII. ker\u00fclet\u00e9ben \u2013 a k\u00e9s\u0151bb hozz\u00e1 csatlakoz\u00f3 csal\u00e1dtagjaival egy\u00fctt \u2013 b\u00e1ntalmazott k\u00e9t rend\u0151rt.<\/p>\n\n\n\n<p>Sz. Art\u00far egy v\u00e1rakoz\u00f3 rend\u0151raut\u00f3hoz l\u00e9pett \u00e9s agressz\u00edv m\u00f3don k\u00e9rd\u0151re vonta az egyik rend\u0151rt, hogy a rend\u0151raut\u00f3, illetve maga a rend\u0151r igazi-e. Nem \u00e1llt meg a verb\u00e1lis agresszi\u00f3n\u00e1l, hanem t\u00e1mad\u00f3 mozdulatokat is tett, mik\u00f6zben folyamatosan azt kiab\u00e1lta k\u00fcl\u00f6nb\u00f6z\u0151 cifra fordulatokkal, hogy \u201esz\u00e9tveri a rend\u0151r\u00f6k fej\u00e9t, \u0151t nem viszik be\u201d. A rend\u0151r\u00f6k a f\u00e9rfi ellen\u00e1ll\u00e1sa ellen\u00e9re megbilincselt\u00e9k, de k\u00f6zben a helysz\u00ednre \u00e9rkezett a f\u00e9rfi feles\u00e9ge \u00e9s fiatalkor\u00fa fia is. \u201eR\u00fagd fejbe a rend\u0151r\u00f6ket fiam\u201d kiab\u00e1lta Sz. Art\u00far a fi\u00fanak, aki apja utas\u00edt\u00e1s\u00e1nak eleget t\u00e9ve meg\u00fct\u00f6tte az egyik rend\u0151rt. A f\u00e9rfi ellen hivatalos szem\u00e9ly elleni er\u0151szak b\u0171ntette, valamint kiskor\u00fa vesz\u00e9lyeztet\u00e9se b\u0171ntette miatt indult elj\u00e1r\u00e1s, azonban \u0151 nem m\u0171k\u00f6d\u00f6tt egy\u00fctt az \u00fcgy\u00e9ben elj\u00e1r\u00f3 hat\u00f3s\u00e1ggal, az id\u00e9z\u00e9seken nem jelent meg. &nbsp;&nbsp;<\/p>\n\n\n\n<p>A k\u00f6r\u00f6z\u00f6tt f\u00e9rfi kez\u00e9re 2024. november 6-\u00e1n a K\u00e9szenl\u00e9ti Rend\u0151rs\u00e9g rend\u0151rei tettek bilincset.<\/p>\n\n\n\n<figure class=\"wp-block-embed is-provider-youtube wp-block-embed-youtube\"><div class=\"wp-block-embed__wrapper\">\n<iframe loading=\"lazy\" title=\"K\u00e9t \u00fcgy, de ugyanaz a v\u00e9ge\" width=\"500\" height=\"281\" src=\"https:\/\/www.youtube.com\/embed\/LdzBnIt36_w?feature=oembed\" frameborder=\"0\" allow=\"accelerometer; autoplay; clipboard-write; encrypted-media; gyroscope; picture-in-picture; web-share\" referrerpolicy=\"strict-origin-when-cross-origin\" allowfullscreen><\/iframe>\n<\/div><\/figure>\n","protected":false},"excerpt":{"rendered":"<p>\u00dajabb k\u00e9t f\u00e9rfit ker\u00edtettek k\u00e9zre a Nemzeti V\u00e9delmi Szolg\u00e1lat (NVSZ) v\u00e9delmi tisztjei, akik rend\u0151r\u00f6ket b\u00e1ntalmaztak, majd nem m\u0171k\u00f6dtek egy\u00fctt a hat\u00f3s\u00e1gokkal. M\u00e1r m\u00e1sodj\u00e1ra azonos\u00edtott\u00e1k be az NVSZ v\u00e9delmi tisztjei a tart\u00f3zkod\u00e1si hely\u00e9t annak a 35 \u00e9ves f\u00e9rfinek, aki 2019-ben k\u00e9ssel t\u00e1madt rend\u0151r\u00f6kre.&nbsp; Budapesten, a XIII. ker\u00fclet egyik lak\u00e1s\u00e1ban \u0151rj\u00f6ng\u0151 f\u00e9rfi miatt k\u00e9rtek rend\u0151ri int\u00e9zked\u00e9st 2019 [&hellip;]<\/p>\n","protected":false},"author":2,"featured_media":418,"comment_status":"closed","ping_status":"open","sticky":false,"template":"","format":"standard","meta":{"site-container-style":"default","site-container-layout":"default","site-sidebar-layout":"default","disable-article-header":"default","disable-site-header":"default","disable-site-footer":"default","disable-content-area-spacing":"default","iawp_total_views":154,"footnotes":""},"categories":[5],"tags":[],"class_list":["post-417","post","type-post","status-publish","format-standard","has-post-thumbnail","hentry","category-altalanos"],"_links":{"self":[{"href":"https:\/\/nvsz.hu\/hirek\/index.php?rest_route=\/wp\/v2\/posts\/417","targetHints":{"allow":["GET"]}}],"collection":[{"href":"https:\/\/nvsz.hu\/hirek\/index.php?rest_route=\/wp\/v2\/posts"}],"about":[{"href":"https:\/\/nvsz.hu\/hirek\/index.php?rest_route=\/wp\/v2\/types\/post"}],"author":[{"embeddable":true,"href":"https:\/\/nvsz.hu\/hirek\/index.php?rest_route=\/wp\/v2\/users\/2"}],"replies":[{"embeddable":true,"href":"https:\/\/nvsz.hu\/hirek\/index.php?rest_route=%2Fwp%2Fv2%2Fcomments&post=417"}],"version-history":[{"count":1,"href":"https:\/\/nvsz.hu\/hirek\/index.php?rest_route=\/wp\/v2\/posts\/417\/revisions"}],"predecessor-version":[{"id":419,"href":"https:\/\/nvsz.hu\/hirek\/index.php?rest_route=\/wp\/v2\/posts\/417\/revisions\/419"}],"wp:featuredmedia":[{"embeddable":true,"href":"https:\/\/nvsz.hu\/hirek\/index.php?rest_route=\/wp\/v2\/media\/418"}],"wp:attachment":[{"href":"https:\/\/nvsz.hu\/hirek\/index.php?rest_route=%2Fwp%2Fv2%2Fmedia&parent=417"}],"wp:term":[{"taxonomy":"category","embeddable":true,"href":"https:\/\/nvsz.hu\/hirek\/index.php?rest_route=%2Fwp%2Fv2%2Fcategories&post=417"},{"taxonomy":"post_tag","embeddable":true,"href":"https:\/\/nvsz.hu\/hirek\/index.php?rest_route=%2Fwp%2Fv2%2Ftags&post=417"}],"curies":[{"name":"wp","href":"https:\/\/api.w.org\/{rel}","templated":true}]}}