{"id":455,"date":"2024-12-11T14:35:57","date_gmt":"2024-12-11T14:35:57","guid":{"rendered":"https:\/\/nvsz.hu\/hirek\/?p=455"},"modified":"2024-12-11T14:35:57","modified_gmt":"2024-12-11T14:35:57","slug":"az-elso-integritas-cafe-a-korrupcioellenes-vilagnap-alkalmabol","status":"publish","type":"post","link":"https:\/\/nvsz.hu\/hirek\/?p=455","title":{"rendered":"Az els\u0151 Integrit\u00e1s Caf\u00e9 a Korrupci\u00f3ellenes Vil\u00e1gnap alkalm\u00e1b\u00f3l"},"content":{"rendered":"\n<p>A Nemzeti V\u00e9delmi Szolg\u00e1lat Korrupci\u00f3megel\u0151z\u00e9si F\u0151oszt\u00e1lya 2024. december 10-\u00e9n szervezte meg az I. Integrit\u00e1s Caf\u00e9t Budapesten.<\/p>\n\n\n\n<p>Az ENSZ Korrupci\u00f3 Elleni Egyezm\u00e9ny\u00e9nek 2005. decemberi hat\u00e1lyba l\u00e9p\u00e9se \u00f3ta december 9-e a Korrupci\u00f3ellenes Vil\u00e1gnap. Ez adott aprop\u00f3t arra, hogy a megel\u0151z\u00e9si szakter\u00fclet k\u00f6z\u00f6s gondolkod\u00e1sra invit\u00e1lja azon \u00e1llami szervek k\u00e9pvisel\u0151it, amelyek 2011-ben al\u00e1\u00edrt\u00e1k az \u00e1llami szerveknek a korrupci\u00f3 elleni k\u00fczdelemben val\u00f3 egy\u00fcttm\u0171k\u00f6d\u00e9s\u00e9r\u0151l sz\u00f3l\u00f3 K\u00f6z\u00f6s Nyilatkozat\u00e1t. \u00cdgy jelen voltak az \u00c1llami Sz\u00e1mvev\u0151sz\u00e9k, a Legf\u0151bb \u00dcgy\u00e9szs\u00e9g, az Igazs\u00e1g\u00fcgyi Miniszt\u00e9rium, a Bel\u00fcgyminiszt\u00e9rium, az Orsz\u00e1gos B\u00edr\u00f3s\u00e1gi Hivatal, a Magyar Nemzeti Bank, a K\u00f6zbeszerz\u00e9si Hat\u00f3s\u00e1g \u00e9s a Gazdas\u00e1gi Versenyhivatal k\u00e9pvisel\u0151i. Az esem\u00e9nyhez csatlakoztak a K\u00f6zponti Nyomoz\u00f3 F\u0151\u00fcgy\u00e9szs\u00e9g, a Bels\u0151 Ellen\u0151rz\u00e9si \u00e9s Integrit\u00e1si Igazgat\u00f3s\u00e1g, valamint a Nemzeti K\u00f6zszolg\u00e1lati Egyetem megh\u00edvottjai.<\/p>\n\n\n\n<p>Dr. V\u00e1radi Piroska rend\u0151r ezredes, az NVSZ f\u0151oszt\u00e1lyvezet\u0151je megnyit\u00f3j\u00e1ban a tudatoss\u00e1g, a megel\u0151z\u00e9s, az egy\u00fcttm\u0171k\u00f6d\u00e9s, a k\u00f6z\u00f6s \u00e9rt\u00e9kek alapfogalmaival alapozta meg a besz\u00e9lget\u00e9st. Elmondta, hogy az Integrit\u00e1s Caf\u00e9t az a sz\u00e1nd\u00e9k hozta l\u00e9tre, hogy az integrit\u00e1s\u00e9p\u00edt\u00e9sben dolgoz\u00f3 \u00e1llami szervek felfriss\u00edts\u00e9k k\u00f6z\u00f6s \u00e9rt\u00e9kdeklar\u00e1ci\u00f3jukat, \u00e9s meger\u0151s\u00edts\u00e9k egy\u00fcttm\u0171k\u00f6d\u00e9s\u00fcket.<\/p>\n\n\n\n<p>Az eszmecser\u00e9n a r\u00e9sztvev\u0151k h\u00e1rom t\u00e9m\u00e1t dolgoztak fel az integrit\u00e1s fogalm\u00e1t, az egy\u00fcttm\u0171k\u00f6d\u00e9st, valamint az integrit\u00e1s k\u00e9pz\u00e9s\u00e9nek m\u00f3dszertan\u00e1t.<\/p>\n\n\n\n<p>Az I. Integrit\u00e1s Caf\u00e9 a j\u00f6v\u0151ben folytat\u00f3dni fog emelte ki z\u00e1rsz\u00f3j\u00e1ban dr. Moln\u00e1r Katalin egyetemi docens, a Police Caf\u00e9 hazai meg\u00e1lmod\u00f3ja, a rendezv\u00e9ny moder\u00e1tora.<\/p>\n\n\n\n<figure class=\"wp-block-gallery has-nested-images columns-default is-cropped wp-block-gallery-1 is-layout-flex wp-block-gallery-is-layout-flex\">\n<figure class=\"wp-block-image size-large\"><img loading=\"lazy\" decoding=\"async\" width=\"1024\" height=\"683\" data-id=\"460\" src=\"https:\/\/nvsz.hu\/hirek\/wp-content\/uploads\/2024\/12\/8C4A0020-1-1024x683.jpg\" alt=\"\" class=\"wp-image-460\" srcset=\"https:\/\/nvsz.hu\/hirek\/wp-content\/uploads\/2024\/12\/8C4A0020-1-1024x683.jpg 1024w, https:\/\/nvsz.hu\/hirek\/wp-content\/uploads\/2024\/12\/8C4A0020-1-300x200.jpg 300w, https:\/\/nvsz.hu\/hirek\/wp-content\/uploads\/2024\/12\/8C4A0020-1-768x512.jpg 768w, https:\/\/nvsz.hu\/hirek\/wp-content\/uploads\/2024\/12\/8C4A0020-1-1536x1024.jpg 1536w, https:\/\/nvsz.hu\/hirek\/wp-content\/uploads\/2024\/12\/8C4A0020-1-2048x1365.jpg 2048w\" sizes=\"auto, (max-width: 1024px) 100vw, 1024px\" \/><\/figure>\n\n\n\n<figure class=\"wp-block-image size-large\"><img loading=\"lazy\" decoding=\"async\" width=\"1024\" height=\"683\" data-id=\"459\" src=\"https:\/\/nvsz.hu\/hirek\/wp-content\/uploads\/2024\/12\/8C4A0069-1-1024x683.jpg\" alt=\"\" class=\"wp-image-459\" srcset=\"https:\/\/nvsz.hu\/hirek\/wp-content\/uploads\/2024\/12\/8C4A0069-1-1024x683.jpg 1024w, https:\/\/nvsz.hu\/hirek\/wp-content\/uploads\/2024\/12\/8C4A0069-1-300x200.jpg 300w, https:\/\/nvsz.hu\/hirek\/wp-content\/uploads\/2024\/12\/8C4A0069-1-768x512.jpg 768w, https:\/\/nvsz.hu\/hirek\/wp-content\/uploads\/2024\/12\/8C4A0069-1-1536x1024.jpg 1536w, https:\/\/nvsz.hu\/hirek\/wp-content\/uploads\/2024\/12\/8C4A0069-1-2048x1365.jpg 2048w\" sizes=\"auto, (max-width: 1024px) 100vw, 1024px\" \/><\/figure>\n\n\n\n<figure class=\"wp-block-image size-large\"><img loading=\"lazy\" decoding=\"async\" width=\"1024\" height=\"683\" data-id=\"461\" src=\"https:\/\/nvsz.hu\/hirek\/wp-content\/uploads\/2024\/12\/8C4A9999-1-1024x683.jpg\" alt=\"\" class=\"wp-image-461\" srcset=\"https:\/\/nvsz.hu\/hirek\/wp-content\/uploads\/2024\/12\/8C4A9999-1-1024x683.jpg 1024w, https:\/\/nvsz.hu\/hirek\/wp-content\/uploads\/2024\/12\/8C4A9999-1-300x200.jpg 300w, https:\/\/nvsz.hu\/hirek\/wp-content\/uploads\/2024\/12\/8C4A9999-1-768x512.jpg 768w, https:\/\/nvsz.hu\/hirek\/wp-content\/uploads\/2024\/12\/8C4A9999-1-1536x1024.jpg 1536w, https:\/\/nvsz.hu\/hirek\/wp-content\/uploads\/2024\/12\/8C4A9999-1-2048x1365.jpg 2048w\" sizes=\"auto, (max-width: 1024px) 100vw, 1024px\" \/><\/figure>\n<\/figure>\n\n\n\n<p><\/p>\n","protected":false},"excerpt":{"rendered":"<p>A Nemzeti V\u00e9delmi Szolg\u00e1lat Korrupci\u00f3megel\u0151z\u00e9si F\u0151oszt\u00e1lya 2024. december 10-\u00e9n szervezte meg az I. Integrit\u00e1s Caf\u00e9t Budapesten. Az ENSZ Korrupci\u00f3 Elleni Egyezm\u00e9ny\u00e9nek 2005. decemberi hat\u00e1lyba l\u00e9p\u00e9se \u00f3ta december 9-e a Korrupci\u00f3ellenes Vil\u00e1gnap. Ez adott aprop\u00f3t arra, hogy a megel\u0151z\u00e9si szakter\u00fclet k\u00f6z\u00f6s gondolkod\u00e1sra invit\u00e1lja azon \u00e1llami szervek k\u00e9pvisel\u0151it, amelyek 2011-ben al\u00e1\u00edrt\u00e1k az \u00e1llami szerveknek a korrupci\u00f3 elleni [&hellip;]<\/p>\n","protected":false},"author":2,"featured_media":462,"comment_status":"closed","ping_status":"open","sticky":false,"template":"","format":"standard","meta":{"site-container-style":"default","site-container-layout":"default","site-sidebar-layout":"default","disable-article-header":"default","disable-site-header":"default","disable-site-footer":"default","disable-content-area-spacing":"default","iawp_total_views":120,"footnotes":""},"categories":[5],"tags":[],"class_list":["post-455","post","type-post","status-publish","format-standard","has-post-thumbnail","hentry","category-altalanos"],"_links":{"self":[{"href":"https:\/\/nvsz.hu\/hirek\/index.php?rest_route=\/wp\/v2\/posts\/455","targetHints":{"allow":["GET"]}}],"collection":[{"href":"https:\/\/nvsz.hu\/hirek\/index.php?rest_route=\/wp\/v2\/posts"}],"about":[{"href":"https:\/\/nvsz.hu\/hirek\/index.php?rest_route=\/wp\/v2\/types\/post"}],"author":[{"embeddable":true,"href":"https:\/\/nvsz.hu\/hirek\/index.php?rest_route=\/wp\/v2\/users\/2"}],"replies":[{"embeddable":true,"href":"https:\/\/nvsz.hu\/hirek\/index.php?rest_route=%2Fwp%2Fv2%2Fcomments&post=455"}],"version-history":[{"count":1,"href":"https:\/\/nvsz.hu\/hirek\/index.php?rest_route=\/wp\/v2\/posts\/455\/revisions"}],"predecessor-version":[{"id":463,"href":"https:\/\/nvsz.hu\/hirek\/index.php?rest_route=\/wp\/v2\/posts\/455\/revisions\/463"}],"wp:featuredmedia":[{"embeddable":true,"href":"https:\/\/nvsz.hu\/hirek\/index.php?rest_route=\/wp\/v2\/media\/462"}],"wp:attachment":[{"href":"https:\/\/nvsz.hu\/hirek\/index.php?rest_route=%2Fwp%2Fv2%2Fmedia&parent=455"}],"wp:term":[{"taxonomy":"category","embeddable":true,"href":"https:\/\/nvsz.hu\/hirek\/index.php?rest_route=%2Fwp%2Fv2%2Fcategories&post=455"},{"taxonomy":"post_tag","embeddable":true,"href":"https:\/\/nvsz.hu\/hirek\/index.php?rest_route=%2Fwp%2Fv2%2Ftags&post=455"}],"curies":[{"name":"wp","href":"https:\/\/api.w.org\/{rel}","templated":true}]}}