{"id":471,"date":"2025-01-30T09:57:50","date_gmt":"2025-01-30T09:57:50","guid":{"rendered":"https:\/\/nvsz.hu\/hirek\/?p=471"},"modified":"2025-01-30T12:55:50","modified_gmt":"2025-01-30T12:55:50","slug":"alrendort-fogtak-el","status":"publish","type":"post","link":"https:\/\/nvsz.hu\/hirek\/?p=471","title":{"rendered":"\u00c1lrend\u0151rt fogtak el"},"content":{"rendered":"\n<p>A Nemzeti V\u00e9delmi Szolg\u00e1lat egyik legfontosabb feladata, hogy biztos\u00edtsa a v\u00e9dett \u00e1llom\u00e1ny v\u00e9delm\u00e9t a jogtalan t\u00e1mad\u00e1sok, fenyeget\u00e9sek, megf\u00e9leml\u00edt\u00e9sek, illetve befoly\u00e1sol\u00e1si k\u00eds\u00e9rletekkel szemben. V\u00e9delmet ny\u00fajtunk akkor is, amikor valaki vissza\u00e9l egy szervezet, jelen esetben a Rend\u0151rs\u00e9g nev\u00e9vel, hiszen ez alkalmas arra, hogy a szervezetbe vetett bizalmat megrend\u00edtse.<\/p>\n\n\n\n<p>Az NVSZ v\u00e9delmi tisztjei \u00e9v elej\u00e9n figyeltek fel egy a rend\u0151rs\u00e9gihez megsz\u00f3lal\u00e1sig hasonl\u00edt\u00f3 civil Skoda Superbre, aminek a vezet\u0151je teheraut\u00f3 sof\u0151r\u00f6ket \u201eigazoltatott\u201d jellemz\u0151en a nagy forgalm\u00fa budapesti aut\u00f3p\u00e1lya bevezet\u0151k\u00f6n \u00e9s azok k\u00f6rny\u00e9k\u00e9n. M\u00e1r az els\u0151dleges ellen\u0151rz\u00e9sek elv\u00e9gz\u00e9sekor kiz\u00e1rtuk, hogy a j\u00e1rm\u0171, vagy annak haszn\u00e1l\u00f3ja a Rend\u0151rs\u00e9g k\u00f6tel\u00e9k\u00e9be tartozna, ez\u00e9rt \u00e1tfog\u00f3 ellen\u0151rz\u00e9st v\u00e9gezt\u00fcnk. Meg\u00e1llap\u00edtottuk, hogy a j\u00e1rm\u0171vet haszn\u00e1l\u00f3 f\u00e9rfi rendszeresen j\u00f6vedelemszerz\u00e9s \u00e9rdek\u00e9ben sz\u00ednlelt hat\u00f3s\u00e1gi int\u00e9zked\u00e9seket, igazoltat\u00e1sokat hajtott v\u00e9gre, melyek v\u00e9g\u00e9n k\u00e9szp\u00e9nzt vett el a forgalomban r\u00e9sztvev\u0151kt\u0151l. \u00a0\u00a0<\/p>\n\n\n\n<p>A f\u00e9rfi janu\u00e1r 27-i elfog\u00e1s\u00e1t megel\u0151z\u0151en is t\u00f6bb k\u00fclf\u00f6ldi kamiont \u201eigazoltatott\u201d, \u0151ket csak euroban megfizetett \u201eken\u0151p\u00e9nz\u201d ellen\u00e9ben engedte el \u201eb\u00fcntetlen\u00fcl\u201d. A f\u00e9rfit \u0151rizetbe vett\u00e9k \u00e9s kezdem\u00e9nyezt\u00e9k letart\u00f3ztat\u00e1s\u00e1t, \u00fcgy\u00e9ben hivatalos szem\u00e9lyi jelleg sz\u00ednlel\u00e9s\u00e9vel \u00fczletszer\u0171en elk\u00f6vetett befoly\u00e1ssal \u00fcz\u00e9rked\u00e9s b\u0171ntette miatt a F\u0151v\u00e1rosi Nyomoz\u00f3 \u00dcgy\u00e9szs\u00e9g j\u00e1r el.<\/p>\n\n\n\n<p><a href=\"https:\/\/ugyeszseg.hu\/orizetben-a-ferfi-aki-magat-hivatalos-szemelynek-kiadva-kulfoldi-kamionosokat-birsagolt-videoval-a-kozponti-nyomozo-fougyeszseg-sajtokozlemenye\/\">https:\/\/ugyeszseg.hu\/orizetben-a-ferfi-aki-magat-hivatalos-szemelynek-kiadva-kulfoldi-kamionosokat-birsagolt-videoval-a-kozponti-nyomozo-fougyeszseg-sajtokozlemenye\/<\/a><\/p>\n\n\n\n<figure class=\"wp-block-embed is-type-video is-provider-youtube wp-block-embed-youtube wp-embed-aspect-16-9 wp-has-aspect-ratio\"><div class=\"wp-block-embed__wrapper\">\n<iframe loading=\"lazy\" title=\"\u00c1lrend\u0151rt fogtak el\" width=\"500\" height=\"281\" src=\"https:\/\/www.youtube.com\/embed\/qLmVQNr-0Vo?feature=oembed\" frameborder=\"0\" allow=\"accelerometer; autoplay; clipboard-write; encrypted-media; gyroscope; picture-in-picture; web-share\" referrerpolicy=\"strict-origin-when-cross-origin\" allowfullscreen><\/iframe>\n<\/div><\/figure>\n","protected":false},"excerpt":{"rendered":"<p>A Nemzeti V\u00e9delmi Szolg\u00e1lat egyik legfontosabb feladata, hogy biztos\u00edtsa a v\u00e9dett \u00e1llom\u00e1ny v\u00e9delm\u00e9t a jogtalan t\u00e1mad\u00e1sok, fenyeget\u00e9sek, megf\u00e9leml\u00edt\u00e9sek, illetve befoly\u00e1sol\u00e1si k\u00eds\u00e9rletekkel szemben. V\u00e9delmet ny\u00fajtunk akkor is, amikor valaki vissza\u00e9l egy szervezet, jelen esetben a Rend\u0151rs\u00e9g nev\u00e9vel, hiszen ez alkalmas arra, hogy a szervezetbe vetett bizalmat megrend\u00edtse. Az NVSZ v\u00e9delmi tisztjei \u00e9v elej\u00e9n figyeltek fel egy [&hellip;]<\/p>\n","protected":false},"author":2,"featured_media":472,"comment_status":"closed","ping_status":"closed","sticky":false,"template":"","format":"standard","meta":{"site-container-style":"default","site-container-layout":"default","site-sidebar-layout":"default","disable-article-header":"default","disable-site-header":"default","disable-site-footer":"default","disable-content-area-spacing":"default","iawp_total_views":202,"footnotes":""},"categories":[5],"tags":[],"class_list":["post-471","post","type-post","status-publish","format-standard","has-post-thumbnail","hentry","category-altalanos"],"_links":{"self":[{"href":"https:\/\/nvsz.hu\/hirek\/index.php?rest_route=\/wp\/v2\/posts\/471","targetHints":{"allow":["GET"]}}],"collection":[{"href":"https:\/\/nvsz.hu\/hirek\/index.php?rest_route=\/wp\/v2\/posts"}],"about":[{"href":"https:\/\/nvsz.hu\/hirek\/index.php?rest_route=\/wp\/v2\/types\/post"}],"author":[{"embeddable":true,"href":"https:\/\/nvsz.hu\/hirek\/index.php?rest_route=\/wp\/v2\/users\/2"}],"replies":[{"embeddable":true,"href":"https:\/\/nvsz.hu\/hirek\/index.php?rest_route=%2Fwp%2Fv2%2Fcomments&post=471"}],"version-history":[{"count":2,"href":"https:\/\/nvsz.hu\/hirek\/index.php?rest_route=\/wp\/v2\/posts\/471\/revisions"}],"predecessor-version":[{"id":474,"href":"https:\/\/nvsz.hu\/hirek\/index.php?rest_route=\/wp\/v2\/posts\/471\/revisions\/474"}],"wp:featuredmedia":[{"embeddable":true,"href":"https:\/\/nvsz.hu\/hirek\/index.php?rest_route=\/wp\/v2\/media\/472"}],"wp:attachment":[{"href":"https:\/\/nvsz.hu\/hirek\/index.php?rest_route=%2Fwp%2Fv2%2Fmedia&parent=471"}],"wp:term":[{"taxonomy":"category","embeddable":true,"href":"https:\/\/nvsz.hu\/hirek\/index.php?rest_route=%2Fwp%2Fv2%2Fcategories&post=471"},{"taxonomy":"post_tag","embeddable":true,"href":"https:\/\/nvsz.hu\/hirek\/index.php?rest_route=%2Fwp%2Fv2%2Ftags&post=471"}],"curies":[{"name":"wp","href":"https:\/\/api.w.org\/{rel}","templated":true}]}}