{"id":477,"date":"2025-02-24T09:00:21","date_gmt":"2025-02-24T09:00:21","guid":{"rendered":"https:\/\/nvsz.hu\/hirek\/?p=477"},"modified":"2025-02-24T09:01:45","modified_gmt":"2025-02-24T09:01:45","slug":"a-dualis-kepzes-es-az-integritas-kapcsolata","status":"publish","type":"post","link":"https:\/\/nvsz.hu\/hirek\/?p=477","title":{"rendered":"A du\u00e1lis k\u00e9pz\u00e9s \u00e9s az integrit\u00e1s kapcsolata"},"content":{"rendered":"\n<p><\/p>\n\n\n\n<p>A Csongr\u00e1d-Csan\u00e1d V\u00e1rmegyei Rend\u0151r-f\u0151kapit\u00e1nys\u00e1g a du\u00e1lis k\u00e9pz\u00e9sben r\u00e9sztvev\u0151 k\u00f6z\u00e9piskol\u00e1sok sz\u00e1m\u00e1ra tanulm\u00e1nyaik lez\u00e1r\u00e1sak\u00e9nt Integrit\u00e1s tr\u00e9ninget \u00e9s a Police Caf\u00e9 m\u00f3dszertan\u00e1ra \u00e9p\u00fcl\u0151 &#8222;Du\u00e1lis Caf\u00e9&#8221; elnevez\u00e9s\u0171 interakt\u00edv rendezv\u00e9nyt tartott 2025. febru\u00e1r 20-\u00e1n. A program lebonyol\u00edt\u00e1s\u00e1ra a Nemzeti V\u00e9delmi Szolg\u00e1lat korrupci\u00f3megel\u0151z\u00e9si szakter\u00fclet\u00e9nek munkat\u00e1rsait k\u00e9rt\u00e9k fel.<\/p>\n\n\n\n<p>Az esem\u00e9ny c\u00e9lja az volt, hogy a di\u00e1kok megismerkedjenek az egy\u00e9ni \u00e9s szervezeti integrit\u00e1s fontoss\u00e1g\u00e1val, valamint olyan ismereteket kapjanak, amelyek seg\u00edtik \u0151ket az etikai d\u00f6nt\u00e9shozatalban. A tr\u00e9ning sor\u00e1n a tanul\u00f3k k\u00fcl\u00f6nb\u00f6z\u0151 esettanulm\u00e1nyok \u00e9s gyakorlati p\u00e9ld\u00e1k seg\u00edts\u00e9g\u00e9vel interakt\u00edv m\u00f3don dolgozt\u00e1k fel a t\u00e9m\u00e1t. A visszajelz\u00e9sek alapj\u00e1n a fiatalok pozit\u00edvan fogadt\u00e1k az oktatott tartalmat, \u00e9s elmond\u00e1suk szerint a k\u00e9pz\u00e9s hozz\u00e1j\u00e1rult szakmai \u00e9s szem\u00e9lyes fejl\u0151d\u00e9s\u00fckh\u00f6z.<\/p>\n\n\n\n<p>A d\u00e9lut\u00e1ni Du\u00e1lis Caf\u00e9 program keret\u00e9ben Dr. Moln\u00e1r Katalin PhD., a Nemzeti K\u00f6zszolg\u00e1lati Egyetem docens\u00e9nek moder\u00e1l\u00e1s\u00e1val \u00e9s a Nemzeti V\u00e9delmi Szolg\u00e1lat Korrupci\u00f3megel\u0151z\u00e9si F\u0151oszt\u00e1lya munkat\u00e1rsainak vezet\u00e9s\u00e9vel a r\u00e9sztvev\u0151k \u2013 akik k\u00f6z\u00f6tt volt rend\u0151r, pszichol\u00f3gus, tr\u00e9ner, oktat\u00f3, kik\u00e9pz\u0151tiszt \u2013 \u00e9rdemi p\u00e1rbesz\u00e9det folytattak egym\u00e1ssal a k\u00fcl\u00f6nb\u00f6z\u0151 gener\u00e1ci\u00f3k \u00e9s szakter\u00fcletek k\u00e9pvisel\u0151i a k\u00f6z\u00e9piskolai du\u00e1lis k\u00e9pz\u00e9s helyi tapasztalatir\u00f3l, aktualit\u00e1sair\u00f3l.<\/p>\n\n\n\n<p>A szervez\u0151k \u00e9s el\u0151ad\u00f3k sz\u00e1m\u00e1ra \u00f6r\u00f6mteli, hogy az integrit\u00e1s k\u00e9rd\u00e9se kiemelt figyelmet kapott, \u00e9s rem\u00e9lik, hogy a tr\u00e9ning seg\u00edti a tanul\u00f3knak abban, hogy a j\u00f6v\u0151ben etikus, felel\u0151s d\u00f6nt\u00e9seket hozzanak a h\u00e9tk\u00f6znapokban \u00e9s a hivat\u00e1sukban is.<\/p>\n\n\n\n<p>Az esem\u00e9nyt dr. Horv\u00e1th \u00c1d\u00e1m Istv\u00e1n r. ezredes, a Rend\u0151rs\u00e9gi Oktat\u00e1si \u00e9s Kik\u00e9pz\u0151 K\u00f6zpont igazgat\u00f3ja nyitotta meg, aki nagyra \u00e9rt\u00e9kelte a rend\u0151rf\u0151kapit\u00e1nys\u00e1g k\u00f6zrem\u0171k\u00f6d\u00e9s\u00e9t a k\u00e9pz\u00e9sben. dr. Poly\u00e1k Zsolt r. dand\u00e1rt\u00e1bornok, rend\u0151rf\u0151kapit\u00e1ny z\u00e1rsz\u00f3j\u00e1ban \u00f6sszegezte a k\u00e9pz\u00e9s gyakorlati tapasztalatait \u00e9s kiemelte, hogy a sikeres \u00e9retts\u00e9gi vizsg\u00e1t k\u00f6vet\u0151en a rend\u0151rs\u00e9g visszav\u00e1rja a fiatalokat.<\/p>\n\n\n\n<p><\/p>\n","protected":false},"excerpt":{"rendered":"<p>A Csongr\u00e1d-Csan\u00e1d V\u00e1rmegyei Rend\u0151r-f\u0151kapit\u00e1nys\u00e1g a du\u00e1lis k\u00e9pz\u00e9sben r\u00e9sztvev\u0151 k\u00f6z\u00e9piskol\u00e1sok sz\u00e1m\u00e1ra tanulm\u00e1nyaik lez\u00e1r\u00e1sak\u00e9nt Integrit\u00e1s tr\u00e9ninget \u00e9s a Police Caf\u00e9 m\u00f3dszertan\u00e1ra \u00e9p\u00fcl\u0151 &#8222;Du\u00e1lis Caf\u00e9&#8221; elnevez\u00e9s\u0171 interakt\u00edv rendezv\u00e9nyt tartott 2025. febru\u00e1r 20-\u00e1n. A program lebonyol\u00edt\u00e1s\u00e1ra a Nemzeti V\u00e9delmi Szolg\u00e1lat korrupci\u00f3megel\u0151z\u00e9si szakter\u00fclet\u00e9nek munkat\u00e1rsait k\u00e9rt\u00e9k fel. Az esem\u00e9ny c\u00e9lja az volt, hogy a di\u00e1kok megismerkedjenek az egy\u00e9ni \u00e9s szervezeti integrit\u00e1s [&hellip;]<\/p>\n","protected":false},"author":2,"featured_media":478,"comment_status":"closed","ping_status":"open","sticky":false,"template":"","format":"standard","meta":{"site-container-style":"default","site-container-layout":"default","site-sidebar-layout":"default","disable-article-header":"default","disable-site-header":"default","disable-site-footer":"default","disable-content-area-spacing":"default","iawp_total_views":31,"footnotes":""},"categories":[5],"tags":[],"class_list":["post-477","post","type-post","status-publish","format-standard","has-post-thumbnail","hentry","category-altalanos"],"_links":{"self":[{"href":"https:\/\/nvsz.hu\/hirek\/index.php?rest_route=\/wp\/v2\/posts\/477","targetHints":{"allow":["GET"]}}],"collection":[{"href":"https:\/\/nvsz.hu\/hirek\/index.php?rest_route=\/wp\/v2\/posts"}],"about":[{"href":"https:\/\/nvsz.hu\/hirek\/index.php?rest_route=\/wp\/v2\/types\/post"}],"author":[{"embeddable":true,"href":"https:\/\/nvsz.hu\/hirek\/index.php?rest_route=\/wp\/v2\/users\/2"}],"replies":[{"embeddable":true,"href":"https:\/\/nvsz.hu\/hirek\/index.php?rest_route=%2Fwp%2Fv2%2Fcomments&post=477"}],"version-history":[{"count":3,"href":"https:\/\/nvsz.hu\/hirek\/index.php?rest_route=\/wp\/v2\/posts\/477\/revisions"}],"predecessor-version":[{"id":481,"href":"https:\/\/nvsz.hu\/hirek\/index.php?rest_route=\/wp\/v2\/posts\/477\/revisions\/481"}],"wp:featuredmedia":[{"embeddable":true,"href":"https:\/\/nvsz.hu\/hirek\/index.php?rest_route=\/wp\/v2\/media\/478"}],"wp:attachment":[{"href":"https:\/\/nvsz.hu\/hirek\/index.php?rest_route=%2Fwp%2Fv2%2Fmedia&parent=477"}],"wp:term":[{"taxonomy":"category","embeddable":true,"href":"https:\/\/nvsz.hu\/hirek\/index.php?rest_route=%2Fwp%2Fv2%2Fcategories&post=477"},{"taxonomy":"post_tag","embeddable":true,"href":"https:\/\/nvsz.hu\/hirek\/index.php?rest_route=%2Fwp%2Fv2%2Ftags&post=477"}],"curies":[{"name":"wp","href":"https:\/\/api.w.org\/{rel}","templated":true}]}}