{"id":485,"date":"2025-03-22T06:36:42","date_gmt":"2025-03-22T06:36:42","guid":{"rendered":"https:\/\/nvsz.hu\/hirek\/?p=485"},"modified":"2025-03-22T06:36:42","modified_gmt":"2025-03-22T06:36:42","slug":"harom-korozott-kabitoszer-es-fegyver-egy-autoban","status":"publish","type":"post","link":"https:\/\/nvsz.hu\/hirek\/?p=485","title":{"rendered":"H\u00e1rom k\u00f6r\u00f6z\u00f6tt, k\u00e1b\u00edt\u00f3szer \u00e9s fegyver egy aut\u00f3ban"},"content":{"rendered":"\n<p>H\u00e1rom k\u00f6r\u00f6z\u00f6tt f\u00e9rfi ker\u00fclt rend\u0151rk\u00e9zre a Nemzeti V\u00e9delmi Szolg\u00e1lat (NVSZ) v\u00e9delmi tisztjeinek seg\u00edts\u00e9g\u00e9vel.<\/p>\n\n\n\n<p>Egy budapesti fiatalra \u00e9s t\u00e1rsaira egy szabadnapos rend\u0151rn\u0151 figyelt fel 2022 okt\u00f3ber\u00e9ben egy VIII. ker\u00fcleti parkol\u00f3ban, mik\u00f6zben az aut\u00f3k k\u00f6z\u00f6tt pr\u00f3b\u00e1ltak elb\u00fajni. Amikor az \u0151rmestern\u0151 k\u00e9rd\u0151re vonta \u0151ket, k\u00f6z\u00f6lt\u00e9k, hogy egyik\u0151j\u00fck enged\u00e9ly n\u00e9lk\u00fcl vezetett. Megl\u00e1tva a ki\u00e9rkez\u0151 rend\u0151raut\u00f3t futni kezdtek, ez\u00e9rt a rend\u0151rn\u0151 szolg\u00e1latba helyezte mag\u00e1t. Ut\u00e1nuk futott, de amikor B. Alad\u00e1r \u00fatj\u00e1t \u00e1llta, a fi\u00fa meg\u00fct\u00f6tte.<\/p>\n\n\n\n<p>B. Alad\u00e1r k\u00f6r\u00f6z\u00e9s\u00e9t 2025. febru\u00e1r 27-\u00e9n rendelte el a Pesti K\u00f6zponti Ker\u00fcleti B\u00edr\u00f3s\u00e1g hivatalos szem\u00e9ly elleni er\u0151szak b\u0171ntett elk\u00f6vet\u00e9se miatt, mert az id\u00e9z\u00e9seken sorra nem jelent meg, s\u0151t id\u0151k\u00f6zben egy csoportosan, felfegyverkezve elk\u00f6vetett rabl\u00e1s b\u0171ntett elk\u00f6vet\u00e9se miatt is elfogat\u00f3parancsot adtak ki ellene. Az NVSZ v\u00e9delmi tisztjei beazonos\u00edtott\u00e1k a fiatal tart\u00f3zkod\u00e1si hely\u00e9t \u00e9s 2025. m\u00e1rcius 16-\u00e1n este egy XXIII. ker\u00fcleti gyors\u00e9tterem parkol\u00f3j\u00e1ban a BRFK \u00e9s a K\u00e9szenl\u00e9ti Rend\u0151rs\u00e9g j\u00e1r\u0151reinek seg\u00edts\u00e9g\u00e9vel int\u00e9zked\u00e9s al\u00e1 vont\u00e1k az aut\u00f3j\u00e1t.<\/p>\n\n\n\n<p>A g\u00e9pkocsit a k\u00f6r\u00f6z\u00f6tt f\u00e9rfi testv\u00e9re B. Zsolt vezette, aki ellen szint\u00e9n elfogat\u00f3parancsot adtak ki csoportosan, felfegyverkezve elk\u00f6vetett rabl\u00e1s \u00e9s lop\u00e1s miatt, s\u0151t az aut\u00f3ban utazott egy harmadik k\u00f6r\u00f6z\u00f6tt f\u00e9rfi is. B. Zsolt \u00e9rv\u00e9nyes jogos\u00edtv\u00e1ny n\u00e9lk\u00fcl vezetett \u00e9s a ruh\u00e1zat\u00e1b\u00f3l egy enged\u00e9ly n\u00e9lk\u00fcl tartott g\u00e1z-riaszt\u00f3 fegyver ker\u00fclt el\u0151.<\/p>\n\n\n\n<p>Az aut\u00f3 negyedik utas\u00e1n\u00e1l, egy 23 \u00e9ves n\u0151n\u00e9l nagy mennyis\u00e9g\u0171 k\u00e9szp\u00e9nzt \u00e9s 4,9 gramm marihu\u00e1n\u00e1t tal\u00e1ltak \u00e9s foglaltak le a rend\u0151r\u00f6k.<\/p>\n\n\n\n<p>A k\u00f6r\u00f6z\u00f6tt testv\u00e9rp\u00e1rt a rend\u0151r\u00f6k az V. ker\u00fcleti Rend\u0151rkapit\u00e1nys\u00e1gra \u00e1ll\u00edtott\u00e1k el\u0151, a b\u00edr\u00f3s\u00e1g az\u00f3ta elrendelte letart\u00f3ztat\u00e1sukat. F. Gr\u00e9t\u00e1t a XX-XXIII. ker\u00fcleti Rend\u0151rkapit\u00e1nys\u00e1gon hallgatt\u00e1k ki k\u00e1b\u00edt\u00f3szer birtokl\u00e1s v\u00e9ts\u00e9g elk\u00f6vet\u00e9s\u00e9nek gyan\u00faja miatt.<\/p>\n\n\n\n<p>A Nemzeti V\u00e9delmi Szolg\u00e1lat v\u00e9delmi funkci\u00f3ja alapj\u00e1n tov\u00e1bbra is nagy hangs\u00falyt fektet azokra a kor\u00e1bban elk\u00f6vetett hivatalos szem\u00e9ly elleni er\u0151szakos b\u0171ncselekm\u00e9nyekre, ahol az elk\u00f6vet\u0151 tart\u00f3zkod\u00e1si helye ismeretlen. V\u00e9delmi tisztjeink a rendelkez\u00e9sre \u00e1ll\u00f3 eszk\u00f6z\u00f6k seg\u00edts\u00e9g\u00e9vel mindent megtesznek az elk\u00f6vet\u0151k k\u00e9zre ker\u00edt\u00e9s\u00e9\u00e9rt.&nbsp;<\/p>\n\n\n\n<p><a href=\"https:\/\/youtu.be\/gcNN64ITKq0\">https:\/\/youtu.be\/gcNN64ITKq0<\/a><\/p>\n\n\n\n<p><\/p>\n","protected":false},"excerpt":{"rendered":"<p>H\u00e1rom k\u00f6r\u00f6z\u00f6tt f\u00e9rfi ker\u00fclt rend\u0151rk\u00e9zre a Nemzeti V\u00e9delmi Szolg\u00e1lat (NVSZ) v\u00e9delmi tisztjeinek seg\u00edts\u00e9g\u00e9vel. Egy budapesti fiatalra \u00e9s t\u00e1rsaira egy szabadnapos rend\u0151rn\u0151 figyelt fel 2022 okt\u00f3ber\u00e9ben egy VIII. ker\u00fcleti parkol\u00f3ban, mik\u00f6zben az aut\u00f3k k\u00f6z\u00f6tt pr\u00f3b\u00e1ltak elb\u00fajni. Amikor az \u0151rmestern\u0151 k\u00e9rd\u0151re vonta \u0151ket, k\u00f6z\u00f6lt\u00e9k, hogy egyik\u0151j\u00fck enged\u00e9ly n\u00e9lk\u00fcl vezetett. Megl\u00e1tva a ki\u00e9rkez\u0151 rend\u0151raut\u00f3t futni kezdtek, ez\u00e9rt a [&hellip;]<\/p>\n","protected":false},"author":2,"featured_media":488,"comment_status":"closed","ping_status":"open","sticky":false,"template":"","format":"standard","meta":{"site-container-style":"default","site-container-layout":"default","site-sidebar-layout":"default","disable-article-header":"default","disable-site-header":"default","disable-site-footer":"default","disable-content-area-spacing":"default","iawp_total_views":138,"footnotes":""},"categories":[5],"tags":[],"class_list":["post-485","post","type-post","status-publish","format-standard","has-post-thumbnail","hentry","category-altalanos"],"_links":{"self":[{"href":"https:\/\/nvsz.hu\/hirek\/index.php?rest_route=\/wp\/v2\/posts\/485","targetHints":{"allow":["GET"]}}],"collection":[{"href":"https:\/\/nvsz.hu\/hirek\/index.php?rest_route=\/wp\/v2\/posts"}],"about":[{"href":"https:\/\/nvsz.hu\/hirek\/index.php?rest_route=\/wp\/v2\/types\/post"}],"author":[{"embeddable":true,"href":"https:\/\/nvsz.hu\/hirek\/index.php?rest_route=\/wp\/v2\/users\/2"}],"replies":[{"embeddable":true,"href":"https:\/\/nvsz.hu\/hirek\/index.php?rest_route=%2Fwp%2Fv2%2Fcomments&post=485"}],"version-history":[{"count":2,"href":"https:\/\/nvsz.hu\/hirek\/index.php?rest_route=\/wp\/v2\/posts\/485\/revisions"}],"predecessor-version":[{"id":487,"href":"https:\/\/nvsz.hu\/hirek\/index.php?rest_route=\/wp\/v2\/posts\/485\/revisions\/487"}],"wp:featuredmedia":[{"embeddable":true,"href":"https:\/\/nvsz.hu\/hirek\/index.php?rest_route=\/wp\/v2\/media\/488"}],"wp:attachment":[{"href":"https:\/\/nvsz.hu\/hirek\/index.php?rest_route=%2Fwp%2Fv2%2Fmedia&parent=485"}],"wp:term":[{"taxonomy":"category","embeddable":true,"href":"https:\/\/nvsz.hu\/hirek\/index.php?rest_route=%2Fwp%2Fv2%2Fcategories&post=485"},{"taxonomy":"post_tag","embeddable":true,"href":"https:\/\/nvsz.hu\/hirek\/index.php?rest_route=%2Fwp%2Fv2%2Ftags&post=485"}],"curies":[{"name":"wp","href":"https:\/\/api.w.org\/{rel}","templated":true}]}}