{"id":501,"date":"2025-04-29T14:28:30","date_gmt":"2025-04-29T14:28:30","guid":{"rendered":"https:\/\/nvsz.hu\/hirek\/?p=501"},"modified":"2025-04-29T14:28:30","modified_gmt":"2025-04-29T14:28:30","slug":"a-nemzeti-vedelmi-szolgalat-is-reszt-vett-az-epac-es-az-osztrak-szovetsegi-korrupcioellenes-hivatal-bak-europai-projektjeben","status":"publish","type":"post","link":"https:\/\/nvsz.hu\/hirek\/?p=501","title":{"rendered":"A Nemzeti V\u00e9delmi Szolg\u00e1lat is r\u00e9szt vett az EPAC \u00e9s az Osztr\u00e1k Sz\u00f6vets\u00e9gi Korrupci\u00f3ellenes Hivatal (BAK) eur\u00f3pai projektj\u00e9ben"},"content":{"rendered":"\n<p>Az<strong> Eur\u00f3pai Partnerek a Korrupci\u00f3 Ellen\/Eur\u00f3pai Korrupci\u00f3ellenes Kapcsolattart\u00f3i H\u00e1l\u00f3zat<\/strong><strong> <\/strong>(EPAC\/EACN) 23. \u00e9ves szakmai konferenci\u00e1j\u00e1n a k\u00f6zgy\u0171l\u00e9s elfogadta az Osztr\u00e1k Sz\u00f6vets\u00e9gi Korrupci\u00f3ellenes Hivatal (BAK) azon kezdem\u00e9nyez\u00e9s\u00e9t, miszerint munkacsoportot hoznak l\u00e9tre a korrupci\u00f3val kapcsolatos helyzetjelent\u00e9sek kidolgoz\u00e1s\u00e1ra, szabv\u00e1nyos\u00edt\u00e1s\u00e1ra.<\/p>\n\n\n\n<p>A \u201eCorruption SITREP\u201d elnevez\u00e9s\u0171 eur\u00f3pai projekt a korrupci\u00f3s helyzetjelent\u00e9sek \u00f6ssze\u00e1ll\u00edt\u00e1s\u00e1nak m\u00f3dszertan\u00e1ra f\u00f3kusz\u00e1lt, \u00e9s f\u0151 c\u00e9lja a helyzetjelent\u00e9sek elk\u00e9sz\u00edt\u00e9s\u00e9re vonatkoz\u00f3 k\u00f6z\u00f6s szabv\u00e1nyok, valamint a strat\u00e9giai korrupci\u00f3elemz\u00e9s hat\u00e9kony megk\u00f6zel\u00edt\u00e9seinek kidolgoz\u00e1sa.<\/p>\n\n\n\n<p>A munkacsoport els\u0151 \u00fcl\u00e9s\u00e9re m\u00e9g 2025. febru\u00e1r 13-\u00e1n online ker\u00fclt sor, ahol a BAK k\u00e9pvisel\u0151je a strat\u00e9giai b\u0171n\u00fcgyi elemz\u00e9sr\u0151l tartott el\u0151ad\u00e1st, az \u00e9szak-rajna-vesztf\u00e1liai tartom\u00e1nyi b\u0171n\u00fcgyi hivatal (LKA NRW) k\u00e9pvisel\u0151je pedig a helyzet\u00e9rt\u00e9kel\u0151 jelent\u00e9sek k\u00e9sz\u00edt\u00e9s\u00e9nek gyakorlati tapasztalatait osztotta meg a r\u00e9sztvev\u0151kkel. 2025. m\u00e1rcius 12-\u00e9n az osztr\u00e1k bel\u00fcgyminiszt\u00e9rium szak\u00e9rt\u0151je biztons\u00e1gi szempont\u00fa megk\u00f6zel\u00edt\u00e9sb\u0151l besz\u00e9lt a helyzetjelent\u00e9sekkel kapcsolatos tapasztalatokr\u00f3l.<\/p>\n\n\n\n<p>A munkacsoport z\u00e1r\u00f3 \u00fcl\u00e9s\u00e9re 2025. \u00e1prilis 24-25. k\u00f6z\u00f6tt B\u00e9csben, a BAK sz\u00e9khely\u00e9n ker\u00fclt sor, amelyen 30 f\u0151 vett r\u00e9szt az eur\u00f3pai korrupci\u00f3ellenes hat\u00f3s\u00e1gok <em>(Ausztria, Montenegr\u00f3, Azerbajdzs\u00e1n, \u00cdrorsz\u00e1g, Bulg\u00e1ria, \u00c9szak-Maced\u00f3nia, Portug\u00e1lia, Spanyolorsz\u00e1g, Franciaorsz\u00e1g, Litv\u00e1nia, Ukrajna, Szlov\u00e1kia \u00e9s Magyarorsz\u00e1g)<\/em> \u00e9s nemzetk\u00f6zi szervezetek <em>(UNODC, Europol)<\/em> r\u00e9sz\u00e9r\u0151l. A Nemzeti V\u00e9delmi Szolg\u00e1latot a Korrupci\u00f3megel\u0151z\u00e9si F\u0151oszt\u00e1ly munkat\u00e1rsa k\u00e9pviselte. Az esem\u00e9nyt sz\u00e1mos szak\u00e9rt\u0151i el\u0151ad\u00e1s k\u00eds\u00e9rte, amely tov\u00e1bb seg\u00edtette a tapasztalatok \u00e9s a legjobb gyakorlatok intenz\u00edv cser\u00e9j\u00e9t a r\u00e9sztvev\u0151k k\u00f6z\u00f6tt.<\/p>\n\n\n\n<p>A munkacsoport szak\u00e9rt\u0151i tev\u00e9kenys\u00e9g\u00e9nek eredm\u00e9nyeit a 2025 november\u00e9ben megrendez\u00e9sre ker\u00fcl\u0151 \u00e9ves EPAC szakmai konferenci\u00e1n mutatj\u00e1k be, \u00e9s egy olyan kiadv\u00e1nyban teszik k\u00f6zz\u00e9, amely ir\u00e1nymutat\u00e1sk\u00e9nt szolg\u00e1l majd a korrupci\u00f3val kapcsolatos helyzetjelent\u00e9sek elk\u00e9sz\u00edt\u00e9s\u00e9hez.<\/p>\n\n\n\n<figure class=\"wp-block-gallery has-nested-images columns-default is-cropped wp-block-gallery-1 is-layout-flex wp-block-gallery-is-layout-flex\">\n<figure class=\"wp-block-image size-large\"><img loading=\"lazy\" decoding=\"async\" width=\"821\" height=\"1024\" data-id=\"503\" src=\"https:\/\/nvsz.hu\/hirek\/wp-content\/uploads\/2025\/04\/Group-photo_WG-Corruption-SITREP_2-821x1024.jpg\" alt=\"\" class=\"wp-image-503\" srcset=\"https:\/\/nvsz.hu\/hirek\/wp-content\/uploads\/2025\/04\/Group-photo_WG-Corruption-SITREP_2-821x1024.jpg 821w, https:\/\/nvsz.hu\/hirek\/wp-content\/uploads\/2025\/04\/Group-photo_WG-Corruption-SITREP_2-240x300.jpg 240w, https:\/\/nvsz.hu\/hirek\/wp-content\/uploads\/2025\/04\/Group-photo_WG-Corruption-SITREP_2-768x958.jpg 768w, https:\/\/nvsz.hu\/hirek\/wp-content\/uploads\/2025\/04\/Group-photo_WG-Corruption-SITREP_2-1231x1536.jpg 1231w, https:\/\/nvsz.hu\/hirek\/wp-content\/uploads\/2025\/04\/Group-photo_WG-Corruption-SITREP_2.jpg 1430w\" sizes=\"auto, (max-width: 821px) 100vw, 821px\" \/><\/figure>\n\n\n\n<figure class=\"wp-block-image size-large\"><img loading=\"lazy\" decoding=\"async\" width=\"768\" height=\"1024\" data-id=\"502\" src=\"https:\/\/nvsz.hu\/hirek\/wp-content\/uploads\/2025\/04\/1000003643-768x1024.jpg\" alt=\"\" class=\"wp-image-502\" srcset=\"https:\/\/nvsz.hu\/hirek\/wp-content\/uploads\/2025\/04\/1000003643-768x1024.jpg 768w, https:\/\/nvsz.hu\/hirek\/wp-content\/uploads\/2025\/04\/1000003643-225x300.jpg 225w, https:\/\/nvsz.hu\/hirek\/wp-content\/uploads\/2025\/04\/1000003643-1152x1536.jpg 1152w, https:\/\/nvsz.hu\/hirek\/wp-content\/uploads\/2025\/04\/1000003643-1536x2048.jpg 1536w, https:\/\/nvsz.hu\/hirek\/wp-content\/uploads\/2025\/04\/1000003643-scaled.jpg 1920w\" sizes=\"auto, (max-width: 768px) 100vw, 768px\" \/><\/figure>\n<\/figure>\n\n\n\n<p><\/p>\n","protected":false},"excerpt":{"rendered":"<p>Az Eur\u00f3pai Partnerek a Korrupci\u00f3 Ellen\/Eur\u00f3pai Korrupci\u00f3ellenes Kapcsolattart\u00f3i H\u00e1l\u00f3zat (EPAC\/EACN) 23. \u00e9ves szakmai konferenci\u00e1j\u00e1n a k\u00f6zgy\u0171l\u00e9s elfogadta az Osztr\u00e1k Sz\u00f6vets\u00e9gi Korrupci\u00f3ellenes Hivatal (BAK) azon kezdem\u00e9nyez\u00e9s\u00e9t, miszerint munkacsoportot hoznak l\u00e9tre a korrupci\u00f3val kapcsolatos helyzetjelent\u00e9sek kidolgoz\u00e1s\u00e1ra, szabv\u00e1nyos\u00edt\u00e1s\u00e1ra. A \u201eCorruption SITREP\u201d elnevez\u00e9s\u0171 eur\u00f3pai projekt a korrupci\u00f3s helyzetjelent\u00e9sek \u00f6ssze\u00e1ll\u00edt\u00e1s\u00e1nak m\u00f3dszertan\u00e1ra f\u00f3kusz\u00e1lt, \u00e9s f\u0151 c\u00e9lja a helyzetjelent\u00e9sek elk\u00e9sz\u00edt\u00e9s\u00e9re vonatkoz\u00f3 k\u00f6z\u00f6s [&hellip;]<\/p>\n","protected":false},"author":2,"featured_media":503,"comment_status":"closed","ping_status":"open","sticky":false,"template":"","format":"standard","meta":{"site-container-style":"default","site-container-layout":"default","site-sidebar-layout":"default","disable-article-header":"default","disable-site-header":"default","disable-site-footer":"default","disable-content-area-spacing":"default","iawp_total_views":54,"footnotes":""},"categories":[5],"tags":[],"class_list":["post-501","post","type-post","status-publish","format-standard","has-post-thumbnail","hentry","category-altalanos"],"_links":{"self":[{"href":"https:\/\/nvsz.hu\/hirek\/index.php?rest_route=\/wp\/v2\/posts\/501","targetHints":{"allow":["GET"]}}],"collection":[{"href":"https:\/\/nvsz.hu\/hirek\/index.php?rest_route=\/wp\/v2\/posts"}],"about":[{"href":"https:\/\/nvsz.hu\/hirek\/index.php?rest_route=\/wp\/v2\/types\/post"}],"author":[{"embeddable":true,"href":"https:\/\/nvsz.hu\/hirek\/index.php?rest_route=\/wp\/v2\/users\/2"}],"replies":[{"embeddable":true,"href":"https:\/\/nvsz.hu\/hirek\/index.php?rest_route=%2Fwp%2Fv2%2Fcomments&post=501"}],"version-history":[{"count":1,"href":"https:\/\/nvsz.hu\/hirek\/index.php?rest_route=\/wp\/v2\/posts\/501\/revisions"}],"predecessor-version":[{"id":504,"href":"https:\/\/nvsz.hu\/hirek\/index.php?rest_route=\/wp\/v2\/posts\/501\/revisions\/504"}],"wp:featuredmedia":[{"embeddable":true,"href":"https:\/\/nvsz.hu\/hirek\/index.php?rest_route=\/wp\/v2\/media\/503"}],"wp:attachment":[{"href":"https:\/\/nvsz.hu\/hirek\/index.php?rest_route=%2Fwp%2Fv2%2Fmedia&parent=501"}],"wp:term":[{"taxonomy":"category","embeddable":true,"href":"https:\/\/nvsz.hu\/hirek\/index.php?rest_route=%2Fwp%2Fv2%2Fcategories&post=501"},{"taxonomy":"post_tag","embeddable":true,"href":"https:\/\/nvsz.hu\/hirek\/index.php?rest_route=%2Fwp%2Fv2%2Ftags&post=501"}],"curies":[{"name":"wp","href":"https:\/\/api.w.org\/{rel}","templated":true}]}}