{"id":526,"date":"2025-05-15T12:11:40","date_gmt":"2025-05-15T12:11:40","guid":{"rendered":"https:\/\/nvsz.hu\/hirek\/?p=526"},"modified":"2025-05-15T12:11:40","modified_gmt":"2025-05-15T12:11:40","slug":"mentosre-gyamhivatali-ugyintezore-tamadt-rendort-utott","status":"publish","type":"post","link":"https:\/\/nvsz.hu\/hirek\/?p=526","title":{"rendered":"Ment\u0151sre, gy\u00e1mhivatali \u00fcgyint\u00e9z\u0151re t\u00e1madt, rend\u0151rt \u00fct\u00f6tt"},"content":{"rendered":"\n<p>A ment\u0151s\u00f6kkel szemben er\u0151szakosan l\u00e9pett fel, az int\u00e9zked\u0151 rend\u0151rt pedig meg\u00fct\u00f6tte az a 31 \u00e9ves f\u00e9rfi, akit Pest v\u00e1rmegyei tart\u00f3zkod\u00e1si hely\u00e9n fogtak el a Pest V\u00e1rmegyei Rend\u0151r-f\u0151kapit\u00e1nys\u00e1g Szobi Rend\u0151r\u0151rs munkat\u00e1rsai \u00e9s a Nemzeti V\u00e9delmi Szolg\u00e1lat v\u00e9delmi tisztjei.<\/p>\n\n\n\n<p>K. Tam\u00e1s b\u0171n\u00fcgyi fel\u00fcgyelet\u00e9t egy \u00e9ve rendelte el a Budai K\u00f6zponti Ker\u00fcleti B\u00edr\u00f3s\u00e1g, miut\u00e1n 2024. m\u00e1jus 5-\u00e9n hajnalban agressz\u00edven l\u00e9pett fel a p\u00e1rj\u00e1hoz rosszull\u00e9t miatt ki\u00e9rkez\u0151 Ment\u0151szolg\u00e1lat munkat\u00e1rsaival szemben. A Budapest VI. ker\u00fcleti helysz\u00ednre rend\u0151r\u00f6k int\u00e9zked\u00e9s\u00e9t k\u00e9rt\u00e9k, azonban a j\u00e1r\u0151r\u00f6k jelenl\u00e9t\u00e9ben sem higgadt le, tov\u00e1bbra is t\u00e1mad\u00f3an viselkedett, megpr\u00f3b\u00e1lta kivonni mag\u00e1t a rend\u0151ri int\u00e9zked\u00e9s al\u00f3l. Miut\u00e1n \u00f6k\u00f6llel arcon \u00fct\u00f6tte az egyik j\u00e1r\u0151rt, csak \u00fagy tudt\u00e1k megf\u00e9kezni, hogy megbilincselt\u00e9k.<\/p>\n\n\n\n<p>A f\u00e9rfi 2023 december\u00e9ben az egyik ker\u00fcleti J\u00e1r\u00e1shivatal Gy\u00e1m\u00fcgyi Hat\u00f3s\u00e1g\u00e1n\u00e1l sem tudta f\u00e9kezni az indulatait, amikor sz\u00e1m\u00e1ra kedvez\u0151tlen d\u00f6nt\u00e9s sz\u00fcletett. &#8222;Te nagyon biztons\u00e1gban \u00e9rzed itt magad, de ha kil\u00e9psz innen, akkor meg\u00f6letlek!&#8221;, &#8222;R\u00e1dk\u00fcld\u00f6k egy hajl\u00e9ktalant vagy egy migr\u00e1nst, majd elv\u00e1gja a torkodat!&#8221; \u2013 ord\u00edtotta a gy\u00e1m\u00fcgyint\u00e9z\u0151knek, k\u00e9t asztalt felbor\u00edtott, \u00e9s megpr\u00f3b\u00e1lta meg\u00fctni a gy\u00e1mhat\u00f3s\u00e1g vezet\u0151j\u00e9t, de a biztons\u00e1gi \u0151r ezt megakad\u00e1lyozta. &nbsp;&nbsp;<\/p>\n\n\n\n<p>K. Tam\u00e1s az elm\u00falt egy \u00e9v sor\u00e1n t\u00f6bbsz\u00f6r nem m\u0171k\u00f6d\u00f6tt egy\u00fctt a hat\u00f3s\u00e1gokkal, \u00edgy a Pesti K\u00f6zponti Ker\u00fcleti B\u00edr\u00f3s\u00e1g 2025. m\u00e1jus 5-\u00e9n elrendelte a k\u00f6r\u00f6z\u00e9s\u00e9t. Elfog\u00e1s\u00e1t k\u00f6vet\u0151en a b\u00edr\u00f3s\u00e1g a kor\u00e1bban elrendelt b\u0171n\u00fcgyi fel\u00fcgyelet\u00e9t fenntartotta.<\/p>\n\n\n\n<figure class=\"wp-block-embed is-type-video is-provider-youtube wp-block-embed-youtube wp-embed-aspect-16-9 wp-has-aspect-ratio\"><div class=\"wp-block-embed__wrapper\">\n<iframe loading=\"lazy\" title=\"Ment\u0151sre, gy\u00e1mhivatali \u00fcgyint\u00e9z\u0151re t\u00e1madt, rend\u0151rt \u00fct\u00f6tt\" width=\"500\" height=\"281\" src=\"https:\/\/www.youtube.com\/embed\/vGja0KKTjkc?feature=oembed\" frameborder=\"0\" allow=\"accelerometer; autoplay; clipboard-write; encrypted-media; gyroscope; picture-in-picture; web-share\" referrerpolicy=\"strict-origin-when-cross-origin\" allowfullscreen><\/iframe>\n<\/div><\/figure>\n","protected":false},"excerpt":{"rendered":"<p>A ment\u0151s\u00f6kkel szemben er\u0151szakosan l\u00e9pett fel, az int\u00e9zked\u0151 rend\u0151rt pedig meg\u00fct\u00f6tte az a 31 \u00e9ves f\u00e9rfi, akit Pest v\u00e1rmegyei tart\u00f3zkod\u00e1si hely\u00e9n fogtak el a Pest V\u00e1rmegyei Rend\u0151r-f\u0151kapit\u00e1nys\u00e1g Szobi Rend\u0151r\u0151rs munkat\u00e1rsai \u00e9s a Nemzeti V\u00e9delmi Szolg\u00e1lat v\u00e9delmi tisztjei. K. Tam\u00e1s b\u0171n\u00fcgyi fel\u00fcgyelet\u00e9t egy \u00e9ve rendelte el a Budai K\u00f6zponti Ker\u00fcleti B\u00edr\u00f3s\u00e1g, miut\u00e1n 2024. m\u00e1jus 5-\u00e9n hajnalban [&hellip;]<\/p>\n","protected":false},"author":2,"featured_media":527,"comment_status":"closed","ping_status":"open","sticky":false,"template":"","format":"standard","meta":{"site-container-style":"default","site-container-layout":"default","site-sidebar-layout":"default","disable-article-header":"default","disable-site-header":"default","disable-site-footer":"default","disable-content-area-spacing":"default","iawp_total_views":48,"footnotes":""},"categories":[5],"tags":[],"class_list":["post-526","post","type-post","status-publish","format-standard","has-post-thumbnail","hentry","category-altalanos"],"_links":{"self":[{"href":"https:\/\/nvsz.hu\/hirek\/index.php?rest_route=\/wp\/v2\/posts\/526","targetHints":{"allow":["GET"]}}],"collection":[{"href":"https:\/\/nvsz.hu\/hirek\/index.php?rest_route=\/wp\/v2\/posts"}],"about":[{"href":"https:\/\/nvsz.hu\/hirek\/index.php?rest_route=\/wp\/v2\/types\/post"}],"author":[{"embeddable":true,"href":"https:\/\/nvsz.hu\/hirek\/index.php?rest_route=\/wp\/v2\/users\/2"}],"replies":[{"embeddable":true,"href":"https:\/\/nvsz.hu\/hirek\/index.php?rest_route=%2Fwp%2Fv2%2Fcomments&post=526"}],"version-history":[{"count":1,"href":"https:\/\/nvsz.hu\/hirek\/index.php?rest_route=\/wp\/v2\/posts\/526\/revisions"}],"predecessor-version":[{"id":528,"href":"https:\/\/nvsz.hu\/hirek\/index.php?rest_route=\/wp\/v2\/posts\/526\/revisions\/528"}],"wp:featuredmedia":[{"embeddable":true,"href":"https:\/\/nvsz.hu\/hirek\/index.php?rest_route=\/wp\/v2\/media\/527"}],"wp:attachment":[{"href":"https:\/\/nvsz.hu\/hirek\/index.php?rest_route=%2Fwp%2Fv2%2Fmedia&parent=526"}],"wp:term":[{"taxonomy":"category","embeddable":true,"href":"https:\/\/nvsz.hu\/hirek\/index.php?rest_route=%2Fwp%2Fv2%2Fcategories&post=526"},{"taxonomy":"post_tag","embeddable":true,"href":"https:\/\/nvsz.hu\/hirek\/index.php?rest_route=%2Fwp%2Fv2%2Ftags&post=526"}],"curies":[{"name":"wp","href":"https:\/\/api.w.org\/{rel}","templated":true}]}}