{"id":574,"date":"2025-07-09T15:59:16","date_gmt":"2025-07-09T15:59:16","guid":{"rendered":"https:\/\/nvsz.hu\/hirek\/?p=574"},"modified":"2025-07-09T15:59:16","modified_gmt":"2025-07-09T15:59:16","slug":"kilenc-elfogatoparanccsal-koroztek","status":"publish","type":"post","link":"https:\/\/nvsz.hu\/hirek\/?p=574","title":{"rendered":"Kilenc elfogat\u00f3paranccsal k\u00f6r\u00f6zt\u00e9k"},"content":{"rendered":"\n<p>Rend\u0151rt \u00fct\u00f6tt, lopott, csalt, majd egy \u00e9vig bujk\u00e1lt az a budapesti f\u00e9rfi, aki v\u00e9g\u00fcl az ablakon menek\u00fclve akart megsz\u00f6kni.<\/p>\n\n\n\n<p>Hivatalos szem\u00e9ly elleni er\u0151szak elk\u00f6vet\u00e9s\u00e9nek b\u0171ntette miatt adott ki elfogat\u00f3parancsot a F\u0151v\u00e1rosi Nyomoz\u00f3 \u00dcgy\u00e9szs\u00e9g az ellen a 34 \u00e9ves budapesti f\u00e9rfi ellen, aki 2024. okt\u00f3ber 23-\u00e1n egy Budapest XIV. ker\u00fcleti igazoltat\u00e1s sor\u00e1n meg\u00fct\u00f6tt egy rend\u0151rt, majd el akart menek\u00fclni.<\/p>\n\n\n\n<p>Mint kider\u00fclt, akkor m\u00e1r k\u00e9t k\u00f6r\u00f6z\u00e9s volt elrendelve vele szemben, ez\u00e9rt el\u0151sz\u00f6r fikt\u00edv adatokat adott meg. Az\u00f3ta, mivel nem m\u0171k\u00f6d\u00f6tt egy\u00fctt a hat\u00f3s\u00e1gokkal, az id\u00e9z\u00e9seken nem jelent meg, \u00f6sszesen kilenc k\u00f6r\u00f6z\u00e9st adtak ki a f\u00e9rfi ellen lop\u00e1s, csal\u00e1s, ittas j\u00e1rm\u0171vezet\u00e9s, valamint t\u00f6bb szab\u00e1lys\u00e9rt\u00e9s elk\u00f6vet\u00e9se miatt.<\/p>\n\n\n\n<p>A Nemzeti V\u00e9delmi Szolg\u00e1lat v\u00e9delmi tisztjei beazonos\u00edtott\u00e1k a f\u00e9rfi tart\u00f3zkod\u00e1si hely\u00e9t, \u00e9s 2025. j\u00falius 4-\u00e9n a K\u00e9szenl\u00e9ti Rend\u0151rs\u00e9g munkat\u00e1rsainak seg\u00edts\u00e9g\u00e9vel egy Budapest IV. ker\u00fcleti lak\u00e1sban pr\u00f3b\u00e1lt\u00e1k elfogni, de \u0151 a tet\u0151ablakon kim\u00e1szva a szomsz\u00e9d h\u00e1ztet\u0151re \u00e1tugorva pr\u00f3b\u00e1lt elmenek\u00fclni. Nem sok\u00e1ig jutott, a szomsz\u00e9dos utc\u00e1ban elfogt\u00e1k. A lak\u00e1sban tartott kutat\u00e1s sor\u00e1n a rend\u0151r\u00f6k k\u00e1b\u00edt\u00f3szergyan\u00fas feh\u00e9r port foglaltak le, \u00edgy k\u00e1b\u00edt\u00f3szer birtokl\u00e1sa miatt is felelnie kell.<\/p>\n\n\n\n<p>A k\u00f6r\u00f6z\u00f6tt f\u00e9rfit B\u00fcntet\u00e9s-v\u00e9grehajt\u00e1si Int\u00e9zetbe sz\u00e1ll\u00edtott\u00e1k.&nbsp;<\/p>\n\n\n\n<p>A Nemzeti V\u00e9delmi Szolg\u00e1lat v\u00e9delmi funkci\u00f3ja alapj\u00e1n tov\u00e1bbra is nagy hangs\u00falyt fektet azokra a kor\u00e1bban elk\u00f6vetett hivatalos szem\u00e9ly elleni er\u0151szakos b\u0171ncselekm\u00e9nyekre, ahol az elk\u00f6vet\u0151 tart\u00f3zkod\u00e1si helye ismeretlen. V\u00e9delmi tisztjeink a rendelkez\u00e9sre \u00e1ll\u00f3 eszk\u00f6z\u00f6k seg\u00edts\u00e9g\u00e9vel mindent megtesznek az elk\u00f6vet\u0151k k\u00e9zre ker\u00edt\u00e9s\u00e9\u00e9rt.&nbsp;<\/p>\n\n\n\n<figure class=\"wp-block-embed is-provider-youtube wp-block-embed-youtube\"><div class=\"wp-block-embed__wrapper\">\n<iframe loading=\"lazy\" title=\"Kilenc elfogat\u00f3paranccsal k\u00f6r\u00f6zt\u00e9k\" width=\"500\" height=\"281\" src=\"https:\/\/www.youtube.com\/embed\/VBo2zdX7pus?feature=oembed\" frameborder=\"0\" allow=\"accelerometer; autoplay; clipboard-write; encrypted-media; gyroscope; picture-in-picture; web-share\" referrerpolicy=\"strict-origin-when-cross-origin\" allowfullscreen><\/iframe>\n<\/div><\/figure>\n\n\n\n<p><\/p>\n","protected":false},"excerpt":{"rendered":"<p>Rend\u0151rt \u00fct\u00f6tt, lopott, csalt, majd egy \u00e9vig bujk\u00e1lt az a budapesti f\u00e9rfi, aki v\u00e9g\u00fcl az ablakon menek\u00fclve akart megsz\u00f6kni. Hivatalos szem\u00e9ly elleni er\u0151szak elk\u00f6vet\u00e9s\u00e9nek b\u0171ntette miatt adott ki elfogat\u00f3parancsot a F\u0151v\u00e1rosi Nyomoz\u00f3 \u00dcgy\u00e9szs\u00e9g az ellen a 34 \u00e9ves budapesti f\u00e9rfi ellen, aki 2024. okt\u00f3ber 23-\u00e1n egy Budapest XIV. ker\u00fcleti igazoltat\u00e1s sor\u00e1n meg\u00fct\u00f6tt egy rend\u0151rt, majd [&hellip;]<\/p>\n","protected":false},"author":2,"featured_media":572,"comment_status":"closed","ping_status":"open","sticky":false,"template":"","format":"standard","meta":{"site-container-style":"default","site-container-layout":"default","site-sidebar-layout":"default","disable-article-header":"default","disable-site-header":"default","disable-site-footer":"default","disable-content-area-spacing":"default","iawp_total_views":38,"footnotes":""},"categories":[5],"tags":[],"class_list":["post-574","post","type-post","status-publish","format-standard","has-post-thumbnail","hentry","category-altalanos"],"_links":{"self":[{"href":"https:\/\/nvsz.hu\/hirek\/index.php?rest_route=\/wp\/v2\/posts\/574","targetHints":{"allow":["GET"]}}],"collection":[{"href":"https:\/\/nvsz.hu\/hirek\/index.php?rest_route=\/wp\/v2\/posts"}],"about":[{"href":"https:\/\/nvsz.hu\/hirek\/index.php?rest_route=\/wp\/v2\/types\/post"}],"author":[{"embeddable":true,"href":"https:\/\/nvsz.hu\/hirek\/index.php?rest_route=\/wp\/v2\/users\/2"}],"replies":[{"embeddable":true,"href":"https:\/\/nvsz.hu\/hirek\/index.php?rest_route=%2Fwp%2Fv2%2Fcomments&post=574"}],"version-history":[{"count":1,"href":"https:\/\/nvsz.hu\/hirek\/index.php?rest_route=\/wp\/v2\/posts\/574\/revisions"}],"predecessor-version":[{"id":575,"href":"https:\/\/nvsz.hu\/hirek\/index.php?rest_route=\/wp\/v2\/posts\/574\/revisions\/575"}],"wp:featuredmedia":[{"embeddable":true,"href":"https:\/\/nvsz.hu\/hirek\/index.php?rest_route=\/wp\/v2\/media\/572"}],"wp:attachment":[{"href":"https:\/\/nvsz.hu\/hirek\/index.php?rest_route=%2Fwp%2Fv2%2Fmedia&parent=574"}],"wp:term":[{"taxonomy":"category","embeddable":true,"href":"https:\/\/nvsz.hu\/hirek\/index.php?rest_route=%2Fwp%2Fv2%2Fcategories&post=574"},{"taxonomy":"post_tag","embeddable":true,"href":"https:\/\/nvsz.hu\/hirek\/index.php?rest_route=%2Fwp%2Fv2%2Ftags&post=574"}],"curies":[{"name":"wp","href":"https:\/\/api.w.org\/{rel}","templated":true}]}}