{"id":576,"date":"2025-07-09T16:15:42","date_gmt":"2025-07-09T16:15:42","guid":{"rendered":"https:\/\/nvsz.hu\/hirek\/?p=576"},"modified":"2025-07-09T16:15:42","modified_gmt":"2025-07-09T16:15:42","slug":"integritas-tanacsadok-szakmai-napja-tamogatas-es-a-tudasmegosztas","status":"publish","type":"post","link":"https:\/\/nvsz.hu\/hirek\/?p=576","title":{"rendered":"Integrit\u00e1s tan\u00e1csad\u00f3k szakmai napja \u2013 t\u00e1mogat\u00e1s \u00e9s a tud\u00e1smegoszt\u00e1s"},"content":{"rendered":"\n<p>A Nemzeti V\u00e9delmi Szolg\u00e1lat Korrupci\u00f3megel\u0151z\u00e9si F\u0151oszt\u00e1ly \u00e1ltal 2025. j\u00falius 9-\u00e9n az integrit\u00e1s tan\u00e1csad\u00f3k sz\u00e1m\u00e1ra szervezett szakmai nap ism\u00e9t meger\u0151s\u00edtette a szervezet elk\u00f6telez\u0151d\u00e9s\u00e9t az etikus m\u0171k\u00f6d\u00e9s \u00e9s a korrupci\u00f3 megel\u0151z\u00e9se ir\u00e1nt. Az esem\u00e9ny c\u00e9lja az volt, hogy naprak\u00e9sz szakmai t\u00e1mogat\u00e1st ny\u00fajtson azoknak a tan\u00e1csad\u00f3knak, akik kulcsszerepet j\u00e1tszanak a k\u00f6zint\u00e9zm\u00e9nyek integrit\u00e1s\u00e1nak meg\u0151rz\u00e9s\u00e9ben \u00e9s fejleszt\u00e9s\u00e9ben.<\/p>\n\n\n\n<p>A mintegy 120 f\u0151t sz\u00e1ml\u00e1l\u00f3 integrit\u00e1si tan\u00e1csad\u00f3i k\u00f6r a ny\u00e1ri id\u0151pontban is jelent\u0151s sz\u00e1mban k\u00e9pviseltette mag\u00e1t, ami azt mutatja, hogy a szakmai k\u00f6z\u00f6ss\u00e9g elk\u00f6telezett \u00e9s akt\u00edv szerepl\u0151je a korrupci\u00f3megel\u0151z\u00e9si tev\u00e9kenys\u00e9geknek.<\/p>\n\n\n\n<p>A program tematik\u00e1ja \u00fagy ker\u00fclt \u00f6ssze\u00e1ll\u00edt\u00e1sra, hogy a r\u00e9sztvev\u0151k a legfrissebb \u00e9s legrelev\u00e1nsabb inform\u00e1ci\u00f3khoz juthassanak. R\u00e9szletesen ismertet\u00e9sre ker\u00fcltek a Nemzeti Korrupci\u00f3ellenes Strat\u00e9gia v\u00e9grehajt\u00e1s\u00e1nak aktu\u00e1lis fejlem\u00e9nyei, valamint \u00e1ttekintett\u00fck a nemzetk\u00f6zi korrupci\u00f3ellenes fell\u00e9p\u00e9s hazai vonatkoz\u00e1sait is. A szakmai napon bemutat\u00e1sra ker\u00fclt a 2024. \u00e9vi integrit\u00e1sjelent\u00e9sek \u00f6sszefoglal\u00f3 elemz\u00e9se, emellett a r\u00e9sztvev\u0151k betekint\u00e9st kaptak a rend\u00e9szeti p\u00e1ly\u00e1ra k\u00e9sz\u00fcl\u0151 fiatalok felk\u00e9sz\u00edt\u00e9s\u00e9nek j\u00f3 gyakorlatair\u00f3l. K\u00fcl\u00f6n figyelmet szentelt\u00fcnk annak is, hogyan alkalmazhat\u00f3 az integrit\u00e1s szeml\u00e9let az iskolai k\u00f6z\u00f6ss\u00e9gek m\u0171k\u00f6d\u00e9s\u00e9nek t\u00e1mogat\u00e1s\u00e1ban.<\/p>\n\n\n\n<p>A szervezet sz\u00e1m\u00e1ra kiemelten fontos, hogy a tan\u00e1csad\u00f3kkal val\u00f3 kapcsolattart\u00e1s ne csak rendszeres, hanem szakmailag is inspir\u00e1l\u00f3 legyen. A mostani rendezv\u00e9ny ezt a c\u00e9lt is szolg\u00e1lta, \u00e9s m\u00e1r megkezd\u0151dtek az el\u0151k\u00e9sz\u00fcletek a k\u00f6vetkez\u0151, nagyszab\u00e1s\u00fa \u0151szi tal\u00e1lkoz\u00f3ra, amely programja \u00e9ppen az \u00e9rintett tan\u00e1csad\u00f3k bevon\u00e1s\u00e1val ker\u00fcl \u00f6ssze\u00e1ll\u00edt\u00e1sra, hogy az min\u00e9l ink\u00e1bb megfeleljen szakmai ig\u00e9nyeiknek, tov\u00e1bb er\u0151s\u00edtve az integrit\u00e1s tan\u00e1csad\u00f3i h\u00e1l\u00f3zat k\u00f6z\u00f6ss\u00e9g\u00e9t \u00e9s hat\u00e9konys\u00e1g\u00e1t.<\/p>\n","protected":false},"excerpt":{"rendered":"<p>A Nemzeti V\u00e9delmi Szolg\u00e1lat Korrupci\u00f3megel\u0151z\u00e9si F\u0151oszt\u00e1ly \u00e1ltal 2025. j\u00falius 9-\u00e9n az integrit\u00e1s tan\u00e1csad\u00f3k sz\u00e1m\u00e1ra szervezett szakmai nap ism\u00e9t meger\u0151s\u00edtette a szervezet elk\u00f6telez\u0151d\u00e9s\u00e9t az etikus m\u0171k\u00f6d\u00e9s \u00e9s a korrupci\u00f3 megel\u0151z\u00e9se ir\u00e1nt. Az esem\u00e9ny c\u00e9lja az volt, hogy naprak\u00e9sz szakmai t\u00e1mogat\u00e1st ny\u00fajtson azoknak a tan\u00e1csad\u00f3knak, akik kulcsszerepet j\u00e1tszanak a k\u00f6zint\u00e9zm\u00e9nyek integrit\u00e1s\u00e1nak meg\u0151rz\u00e9s\u00e9ben \u00e9s fejleszt\u00e9s\u00e9ben. A mintegy 120 [&hellip;]<\/p>\n","protected":false},"author":2,"featured_media":577,"comment_status":"closed","ping_status":"open","sticky":false,"template":"","format":"standard","meta":{"site-container-style":"default","site-container-layout":"default","site-sidebar-layout":"default","disable-article-header":"default","disable-site-header":"default","disable-site-footer":"default","disable-content-area-spacing":"default","iawp_total_views":101,"footnotes":""},"categories":[5],"tags":[],"class_list":["post-576","post","type-post","status-publish","format-standard","has-post-thumbnail","hentry","category-altalanos"],"_links":{"self":[{"href":"https:\/\/nvsz.hu\/hirek\/index.php?rest_route=\/wp\/v2\/posts\/576","targetHints":{"allow":["GET"]}}],"collection":[{"href":"https:\/\/nvsz.hu\/hirek\/index.php?rest_route=\/wp\/v2\/posts"}],"about":[{"href":"https:\/\/nvsz.hu\/hirek\/index.php?rest_route=\/wp\/v2\/types\/post"}],"author":[{"embeddable":true,"href":"https:\/\/nvsz.hu\/hirek\/index.php?rest_route=\/wp\/v2\/users\/2"}],"replies":[{"embeddable":true,"href":"https:\/\/nvsz.hu\/hirek\/index.php?rest_route=%2Fwp%2Fv2%2Fcomments&post=576"}],"version-history":[{"count":1,"href":"https:\/\/nvsz.hu\/hirek\/index.php?rest_route=\/wp\/v2\/posts\/576\/revisions"}],"predecessor-version":[{"id":578,"href":"https:\/\/nvsz.hu\/hirek\/index.php?rest_route=\/wp\/v2\/posts\/576\/revisions\/578"}],"wp:featuredmedia":[{"embeddable":true,"href":"https:\/\/nvsz.hu\/hirek\/index.php?rest_route=\/wp\/v2\/media\/577"}],"wp:attachment":[{"href":"https:\/\/nvsz.hu\/hirek\/index.php?rest_route=%2Fwp%2Fv2%2Fmedia&parent=576"}],"wp:term":[{"taxonomy":"category","embeddable":true,"href":"https:\/\/nvsz.hu\/hirek\/index.php?rest_route=%2Fwp%2Fv2%2Fcategories&post=576"},{"taxonomy":"post_tag","embeddable":true,"href":"https:\/\/nvsz.hu\/hirek\/index.php?rest_route=%2Fwp%2Fv2%2Ftags&post=576"}],"curies":[{"name":"wp","href":"https:\/\/api.w.org\/{rel}","templated":true}]}}