{"id":580,"date":"2025-09-24T07:15:36","date_gmt":"2025-09-24T07:15:36","guid":{"rendered":"https:\/\/nvsz.hu\/hirek\/?p=580"},"modified":"2025-09-24T07:15:36","modified_gmt":"2025-09-24T07:15:36","slug":"egy-het-alatt-harom-korozott-ferfi-rendorkezen","status":"publish","type":"post","link":"https:\/\/nvsz.hu\/hirek\/?p=580","title":{"rendered":"Egy h\u00e9t alatt h\u00e1rom k\u00f6r\u00f6z\u00f6tt f\u00e9rfi rend\u0151rk\u00e9zen"},"content":{"rendered":"\n<p>A k\u00f6z\u00f6s benn\u00fck, hogy mindh\u00e1rman hivatalos szem\u00e9ly elleni er\u0151szak b\u0171ntett elk\u00f6vet\u00e9se miatt \u00e1lltak k\u00f6r\u00f6z\u00e9s hat\u00e1lya alatt. Az egyik r\u00e1h\u00fazta az aut\u00f3j\u00e1t a rend\u0151r\u00f6kre, a m\u00e1sik aut\u00f3kat, t\u00f6bbek k\u00f6z\u00f6tt egy rend\u0151raut\u00f3t szor\u00edtott le az \u00fatr\u00f3l, a harmadik arcon v\u00e1gott egy int\u00e9zked\u0151 rend\u0151rt.<\/p>\n\n\n\n<p>A Nemzeti V\u00e9delmi Szolg\u00e1lat v\u00e9delmi funkci\u00f3ja alapj\u00e1n nagy hangs\u00falyt fektet azokra a kor\u00e1bban elk\u00f6vetett hivatalos szem\u00e9ly elleni er\u0151szakos b\u0171ncselekm\u00e9nyekre, ahol az elk\u00f6vet\u0151 tart\u00f3zkod\u00e1si helye ismeretlen. V\u00e9delmi tisztjeink a rendelkez\u00e9sre \u00e1ll\u00f3 eszk\u00f6z\u00f6k seg\u00edts\u00e9g\u00e9vel mindent megtesznek az elk\u00f6vet\u0151k k\u00e9zre ker\u00edt\u00e9s\u00e9\u00e9rt. Szeptember els\u0151 napjaiban h\u00e1rom olyan ember tart\u00f3zkod\u00e1si hely\u00e9t azonos\u00edtott\u00e1k be, akik az ellen\u00fck folytatott elj\u00e1r\u00e1sok sor\u00e1n nem m\u0171k\u00f6dtek egy\u00fctt a hat\u00f3s\u00e1gokkal, sz\u00f6k\u00e9sben voltak.<\/p>\n\n\n\n<p>B. Tibort 2022 november\u00e9ben N\u00f3gr\u00e1d v\u00e1rmegy\u00e9ben falop\u00e1s k\u00f6zben \u00e9rte tetten egy erd\u00e9sz, ez\u00e9rt rend\u0151r\u00f6ket h\u00edvott a helysz\u00ednre. A f\u00e9rfi az aut\u00f3j\u00e1val megpr\u00f3b\u00e1lt elmenek\u00fclni \u00e9s az \u0151t leinteni sz\u00e1nd\u00e9koz\u00f3 rend\u0151r\u00f6k fel\u00e9 korm\u00e1nyozta az aut\u00f3j\u00e1t, majd elhajtott. A rend\u0151r\u00f6k nem s\u00e9r\u00fcltek meg, de a f\u00e9rfi ellen hivatalos szem\u00e9ly elleni er\u0151szak elk\u00f6vet\u00e9se miatt elj\u00e1r\u00e1st ind\u00edtott a K\u00f6zponti Nyomoz\u00f3 F\u0151\u00fcgy\u00e9szs\u00e9g Budapesti Region\u00e1lis Nyomoz\u00f3 \u00dcgy\u00e9szs\u00e9ge. Miut\u00e1n B. Tibor nem m\u0171k\u00f6d\u00f6tt egy\u00fctt a hat\u00f3s\u00e1gokkal, \u00e9s a kihallgat\u00e1sokon nem jelent meg, 2025. augusztus 26-\u00e1n k\u00f6r\u00f6z\u00e9s\u00e9t rendelt\u00e9k el. Elfog\u00e1s\u00e1ra szeptember 5-\u00e9n egy f\u0151v\u00e1rosi \u00e9p\u00edtkez\u00e9sen ker\u00fclt sor.<\/p>\n\n\n\n<p>A Szolnoki T\u00f6rv\u00e9nysz\u00e9k BV. Csoportja adott ki elfogat\u00f3parancsot 2025. szeptember 9-\u00e9n R. P\u00e1l ellen, mert a hivatalos szem\u00e9ly elleni er\u0151szak elk\u00f6vet\u00e9se miatt r\u00e1 kiszabott 2 \u00e9ves b\u00f6rt\u00f6nb\u00fcntet\u00e9s let\u00f6lt\u00e9s\u00e9t nem kezdte meg. A f\u00e9rfi 2021 okt\u00f3ber\u00e9ben ittasan k\u00f6zlekedett szem\u00e9lyg\u00e9pkocsival Szolnokon, amikor az \u0151t int\u00e9zked\u00e9s al\u00e1 vonni akar\u00f3 rend\u0151r\u00f6k jelz\u00e9se ellen\u00e9re nem \u00e1llt meg, hanem a forgalommal szemben haladva pr\u00f3b\u00e1lt elhajtani. A szemb\u0151l \u00e9rkez\u0151 aut\u00f3kat, t\u00f6bbek k\u00f6z\u00f6tt egy rend\u0151raut\u00f3t megpr\u00f3b\u00e1lt leszor\u00edtani az \u00fatr\u00f3l, de v\u00e9g\u00fcl egy f\u00e1nak hajtott. R. P\u00e1lt 2025. szeptember 11-\u00e9n Gy\u00f6ngy\u00f6s\u00f6n fogt\u00e1k el.<\/p>\n\n\n\n<p>B. J\u00e1nos k\u00f6r\u00f6z\u00e9s\u00e9t a Kunszentm\u00e1rtoni J\u00e1r\u00e1sb\u00edr\u00f3s\u00e1g rendelte el 2025. szeptember 9-\u00e9n, mert 2024 november\u00e9ben egy rend\u0151ri igazoltat\u00e1s sor\u00e1n meg\u00fct\u00f6tt egy rend\u0151rt, aki k\u00f6nny\u0171 s\u00e9r\u00fcl\u00e9st szenvedett. \u0150 sem m\u0171k\u00f6d\u00f6tt egy\u00fctt a hat\u00f3s\u00e1gokkal \u00e9s lop\u00e1s miatt is k\u00f6r\u00f6zt\u00e9k. 2025. szeptember 12-\u00e9n Cs\u00e9p\u00e1n fogt\u00e1k el, letart\u00f3ztat\u00e1s\u00e1t elrendelt\u00e9k.<\/p>\n\n\n\n<p>Mindh\u00e1rom f\u00e9rfit a K\u00e9szenl\u00e9ti Rend\u0151rs\u00e9g munkat\u00e1rsai \u00e9s az NVSZ v\u00e9delmi tisztjei fogt\u00e1k el.<\/p>\n\n\n\n<figure class=\"wp-block-embed is-type-video is-provider-youtube wp-block-embed-youtube wp-embed-aspect-16-9 wp-has-aspect-ratio\"><div class=\"wp-block-embed__wrapper\">\n<iframe loading=\"lazy\" title=\"Egy h\u00e9t alatt h\u00e1rom k\u00f6r\u00f6z\u00f6tt f\u00e9rfi rend\u0151rk\u00e9zen\" width=\"500\" height=\"281\" src=\"https:\/\/www.youtube.com\/embed\/XcvINxZwA78?feature=oembed\" frameborder=\"0\" allow=\"accelerometer; autoplay; clipboard-write; encrypted-media; gyroscope; picture-in-picture; web-share\" referrerpolicy=\"strict-origin-when-cross-origin\" allowfullscreen><\/iframe>\n<\/div><\/figure>\n\n\n\n<p><\/p>\n","protected":false},"excerpt":{"rendered":"<p>A k\u00f6z\u00f6s benn\u00fck, hogy mindh\u00e1rman hivatalos szem\u00e9ly elleni er\u0151szak b\u0171ntett elk\u00f6vet\u00e9se miatt \u00e1lltak k\u00f6r\u00f6z\u00e9s hat\u00e1lya alatt. Az egyik r\u00e1h\u00fazta az aut\u00f3j\u00e1t a rend\u0151r\u00f6kre, a m\u00e1sik aut\u00f3kat, t\u00f6bbek k\u00f6z\u00f6tt egy rend\u0151raut\u00f3t szor\u00edtott le az \u00fatr\u00f3l, a harmadik arcon v\u00e1gott egy int\u00e9zked\u0151 rend\u0151rt. A Nemzeti V\u00e9delmi Szolg\u00e1lat v\u00e9delmi funkci\u00f3ja alapj\u00e1n nagy hangs\u00falyt fektet azokra a kor\u00e1bban elk\u00f6vetett [&hellip;]<\/p>\n","protected":false},"author":2,"featured_media":581,"comment_status":"closed","ping_status":"open","sticky":false,"template":"","format":"standard","meta":{"site-container-style":"default","site-container-layout":"default","site-sidebar-layout":"default","disable-article-header":"default","disable-site-header":"default","disable-site-footer":"default","disable-content-area-spacing":"default","iawp_total_views":29,"footnotes":""},"categories":[5],"tags":[],"class_list":["post-580","post","type-post","status-publish","format-standard","has-post-thumbnail","hentry","category-altalanos"],"_links":{"self":[{"href":"https:\/\/nvsz.hu\/hirek\/index.php?rest_route=\/wp\/v2\/posts\/580","targetHints":{"allow":["GET"]}}],"collection":[{"href":"https:\/\/nvsz.hu\/hirek\/index.php?rest_route=\/wp\/v2\/posts"}],"about":[{"href":"https:\/\/nvsz.hu\/hirek\/index.php?rest_route=\/wp\/v2\/types\/post"}],"author":[{"embeddable":true,"href":"https:\/\/nvsz.hu\/hirek\/index.php?rest_route=\/wp\/v2\/users\/2"}],"replies":[{"embeddable":true,"href":"https:\/\/nvsz.hu\/hirek\/index.php?rest_route=%2Fwp%2Fv2%2Fcomments&post=580"}],"version-history":[{"count":1,"href":"https:\/\/nvsz.hu\/hirek\/index.php?rest_route=\/wp\/v2\/posts\/580\/revisions"}],"predecessor-version":[{"id":582,"href":"https:\/\/nvsz.hu\/hirek\/index.php?rest_route=\/wp\/v2\/posts\/580\/revisions\/582"}],"wp:featuredmedia":[{"embeddable":true,"href":"https:\/\/nvsz.hu\/hirek\/index.php?rest_route=\/wp\/v2\/media\/581"}],"wp:attachment":[{"href":"https:\/\/nvsz.hu\/hirek\/index.php?rest_route=%2Fwp%2Fv2%2Fmedia&parent=580"}],"wp:term":[{"taxonomy":"category","embeddable":true,"href":"https:\/\/nvsz.hu\/hirek\/index.php?rest_route=%2Fwp%2Fv2%2Fcategories&post=580"},{"taxonomy":"post_tag","embeddable":true,"href":"https:\/\/nvsz.hu\/hirek\/index.php?rest_route=%2Fwp%2Fv2%2Ftags&post=580"}],"curies":[{"name":"wp","href":"https:\/\/api.w.org\/{rel}","templated":true}]}}