{"id":603,"date":"2025-11-11T13:05:34","date_gmt":"2025-11-11T13:05:34","guid":{"rendered":"https:\/\/nvsz.hu\/hirek\/?p=603"},"modified":"2025-11-11T13:05:34","modified_gmt":"2025-11-11T13:05:34","slug":"az-utolso-szolgalat","status":"publish","type":"post","link":"https:\/\/nvsz.hu\/hirek\/?p=603","title":{"rendered":"Az utols\u00f3 szolg\u00e1lat"},"content":{"rendered":"\n<p><\/p>\n\n\n\n<p>A hozz\u00e1tartoz\u00f3k, az egy\u00fcttm\u0171k\u00f6d\u0151 \u00e9s t\u00e1rszervezetek vezet\u0151i, valamint a rend\u00e9szeti vezet\u0151k jelenl\u00e9t\u00e9ben ker\u00fclt sor a Rend\u0151rs\u00e9g h\u0151si halottainak eml\u00e9ket \u00e1ll\u00edt\u00f3 \u201e<strong>Az utols\u00f3 szolg\u00e1lat<\/strong>\u201d c\u00edm\u0171 k\u00f6tet bemutat\u00f3j\u00e1ra. A k\u00f6tet t\u00edz \u2013 a rendszerv\u00e1lt\u00e1st k\u00f6vet\u0151en \u2013 szolg\u00e1lat sor\u00e1n er\u0151szakos b\u0171ncselekm\u00e9ny \u00e1ldozat\u00e1v\u00e1 v\u00e1lt rend\u0151r t\u00f6rt\u00e9net\u00e9t mutatja be.K\u00fcl\u00f6nlegess\u00e9ge, hogy minden fejezetet egy-egy rend\u0151r- \u00e9s \u00fcgy\u00e9szkoll\u00e9ga \u00edrt, \u00edgy szem\u00e9lyes hangv\u00e9tel\u0171 \u00edr\u00e1sokon kereszt\u00fcl ismerheti meg az olvas\u00f3 az elhunytak utols\u00f3 szolg\u00e1lat\u00e1nak t\u00f6rt\u00e9net\u00e9t.<\/p>\n\n\n\n<p>Koll\u00e9g\u00e1inknak szem\u00e9lyesen mes\u00e9ltek a csal\u00e1dtagok, bar\u00e1tok, volt koll\u00e9g\u00e1k. A h\u00f3napokig tart\u00f3 kutat\u00f3munka, valamint a szem\u00e9lyes interj\u00faknak k\u00f6sz\u00f6nhet\u0151en az olvas\u00f3 a sajt\u00f3ban megjelent inform\u00e1ci\u00f3kon t\u00fal m\u00e9lyebb r\u00e9szleteket ismerhet meg az elhunyt rend\u0151r\u00f6kr\u0151l \u00e9s az utols\u00f3 tragikus szolg\u00e1latr\u00f3l.<\/p>\n\n\n\n<p>A Nemzeti V\u00e9delmi Szolg\u00e1lat gondoz\u00e1s\u00e1ban megjelent k\u00f6nyv bemutat\u00f3j\u00e1n dr. Tomin Szilvia rend\u0151r vez\u00e9r\u0151rnagy, a Nemzeti V\u00e9delmi Szolg\u00e1lat f\u0151igazgat\u00f3ja, a k\u00f6nyv szakmai lektora dr. Cs\u00e1k Zsolt, a K\u00faria eln\u00f6khelyettese, valamint dr. Kisgergely Zolt\u00e1n rend\u0151r \u0151rnagy a k\u00f6nyv t\u00e1rsszerz\u0151je mondott besz\u00e9det.<\/p>\n\n\n\n<p>A k\u00f6nyvr\u0151l a&nbsp;Magyar Rend\u00e9szet c\u00edm\u0171 tudom\u00e1nyos foly\u00f3iratban megjelent cikk itt olvashat\u00f3:<br><a href=\"https:\/\/folyoirat.ludovika.hu\/index.php\/magyrend\/article\/view\/8493\/6564\">https:\/\/folyoirat.ludovika.hu\/index.php\/magyrend\/article\/view\/8493\/6564<\/a><\/p>\n\n\n\n<figure class=\"wp-block-image size-large\"><img loading=\"lazy\" decoding=\"async\" width=\"1024\" height=\"684\" src=\"https:\/\/nvsz.hu\/hirek\/wp-content\/uploads\/2025\/11\/BOOK-5-1024x684.jpg\" alt=\"\" class=\"wp-image-604\" srcset=\"https:\/\/nvsz.hu\/hirek\/wp-content\/uploads\/2025\/11\/BOOK-5-1024x684.jpg 1024w, https:\/\/nvsz.hu\/hirek\/wp-content\/uploads\/2025\/11\/BOOK-5-300x200.jpg 300w, https:\/\/nvsz.hu\/hirek\/wp-content\/uploads\/2025\/11\/BOOK-5-768x513.jpg 768w, https:\/\/nvsz.hu\/hirek\/wp-content\/uploads\/2025\/11\/BOOK-5-1536x1025.jpg 1536w, https:\/\/nvsz.hu\/hirek\/wp-content\/uploads\/2025\/11\/BOOK-5-2048x1367.jpg 2048w\" sizes=\"auto, (max-width: 1024px) 100vw, 1024px\" \/><\/figure>\n\n\n\n<figure class=\"wp-block-embed is-type-video is-provider-youtube wp-block-embed-youtube wp-embed-aspect-16-9 wp-has-aspect-ratio\"><div class=\"wp-block-embed__wrapper\">\n<iframe loading=\"lazy\" title=\"Az utols\u00f3 szolg\u00e1lat c\u00edm\u0171 k\u00f6nyv\" width=\"500\" height=\"281\" src=\"https:\/\/www.youtube.com\/embed\/m2CsTN9hYXs?feature=oembed\" frameborder=\"0\" allow=\"accelerometer; autoplay; clipboard-write; encrypted-media; gyroscope; picture-in-picture; web-share\" referrerpolicy=\"strict-origin-when-cross-origin\" allowfullscreen><\/iframe>\n<\/div><\/figure>\n","protected":false},"excerpt":{"rendered":"<p>A hozz\u00e1tartoz\u00f3k, az egy\u00fcttm\u0171k\u00f6d\u0151 \u00e9s t\u00e1rszervezetek vezet\u0151i, valamint a rend\u00e9szeti vezet\u0151k jelenl\u00e9t\u00e9ben ker\u00fclt sor a Rend\u0151rs\u00e9g h\u0151si halottainak eml\u00e9ket \u00e1ll\u00edt\u00f3 \u201eAz utols\u00f3 szolg\u00e1lat\u201d c\u00edm\u0171 k\u00f6tet bemutat\u00f3j\u00e1ra. A k\u00f6tet t\u00edz \u2013 a rendszerv\u00e1lt\u00e1st k\u00f6vet\u0151en \u2013 szolg\u00e1lat sor\u00e1n er\u0151szakos b\u0171ncselekm\u00e9ny \u00e1ldozat\u00e1v\u00e1 v\u00e1lt rend\u0151r t\u00f6rt\u00e9net\u00e9t mutatja be.K\u00fcl\u00f6nlegess\u00e9ge, hogy minden fejezetet egy-egy rend\u0151r- \u00e9s \u00fcgy\u00e9szkoll\u00e9ga \u00edrt, \u00edgy szem\u00e9lyes hangv\u00e9tel\u0171 [&hellip;]<\/p>\n","protected":false},"author":2,"featured_media":604,"comment_status":"closed","ping_status":"open","sticky":false,"template":"","format":"standard","meta":{"site-container-style":"default","site-container-layout":"default","site-sidebar-layout":"default","disable-article-header":"default","disable-site-header":"default","disable-site-footer":"default","disable-content-area-spacing":"default","iawp_total_views":130,"footnotes":""},"categories":[5],"tags":[],"class_list":["post-603","post","type-post","status-publish","format-standard","has-post-thumbnail","hentry","category-altalanos"],"_links":{"self":[{"href":"https:\/\/nvsz.hu\/hirek\/index.php?rest_route=\/wp\/v2\/posts\/603","targetHints":{"allow":["GET"]}}],"collection":[{"href":"https:\/\/nvsz.hu\/hirek\/index.php?rest_route=\/wp\/v2\/posts"}],"about":[{"href":"https:\/\/nvsz.hu\/hirek\/index.php?rest_route=\/wp\/v2\/types\/post"}],"author":[{"embeddable":true,"href":"https:\/\/nvsz.hu\/hirek\/index.php?rest_route=\/wp\/v2\/users\/2"}],"replies":[{"embeddable":true,"href":"https:\/\/nvsz.hu\/hirek\/index.php?rest_route=%2Fwp%2Fv2%2Fcomments&post=603"}],"version-history":[{"count":1,"href":"https:\/\/nvsz.hu\/hirek\/index.php?rest_route=\/wp\/v2\/posts\/603\/revisions"}],"predecessor-version":[{"id":605,"href":"https:\/\/nvsz.hu\/hirek\/index.php?rest_route=\/wp\/v2\/posts\/603\/revisions\/605"}],"wp:featuredmedia":[{"embeddable":true,"href":"https:\/\/nvsz.hu\/hirek\/index.php?rest_route=\/wp\/v2\/media\/604"}],"wp:attachment":[{"href":"https:\/\/nvsz.hu\/hirek\/index.php?rest_route=%2Fwp%2Fv2%2Fmedia&parent=603"}],"wp:term":[{"taxonomy":"category","embeddable":true,"href":"https:\/\/nvsz.hu\/hirek\/index.php?rest_route=%2Fwp%2Fv2%2Fcategories&post=603"},{"taxonomy":"post_tag","embeddable":true,"href":"https:\/\/nvsz.hu\/hirek\/index.php?rest_route=%2Fwp%2Fv2%2Ftags&post=603"}],"curies":[{"name":"wp","href":"https:\/\/api.w.org\/{rel}","templated":true}]}}