{"id":607,"date":"2025-11-21T12:18:25","date_gmt":"2025-11-21T12:18:25","guid":{"rendered":"https:\/\/nvsz.hu\/hirek\/?p=607"},"modified":"2025-11-21T12:18:25","modified_gmt":"2025-11-21T12:18:25","slug":"mirol-ismerheto-fel-egy-alrendor","status":"publish","type":"post","link":"https:\/\/nvsz.hu\/hirek\/?p=607","title":{"rendered":"Mir\u0151l ismerhet\u0151 fel egy \u00e1lrend\u0151r?"},"content":{"rendered":"\n<p>Az id\u00e9n t\u00f6bb olyan esetr\u0151l is <a href=\"https:\/\/www.facebook.com\/reel\/1581761009881956\">besz\u00e1moltunk<\/a>, amikor valaki mag\u00e1t rend\u0151rnek kiadva <a href=\"https:\/\/www.facebook.com\/reel\/9025305774204758\">int\u00e9zkedett \u00e9s b\u00edrs\u00e1golt<\/a> meg embereket.<\/p>\n\n\n\n<p>Mindennapjaink sor\u00e1n val\u00f3ban ker\u00fclhet\u00fcnk olyan helyzetbe, amikor egy civil ruh\u00e1s rend\u0151r int\u00e9zkedik vel\u00fcnk szemben. Fontos azonban, hogy meg tudjuk \u00e1llap\u00edtani, hogy val\u00f3ban egy rend\u0151rrel \u00e1llunk szemben, nem pedig valamilyen \u00e1tver\u00e9s, b\u0171ncselekm\u00e9ny \u00e1ldozatai vagyunk.<\/p>\n\n\n\n<p>A rend\u0151r\u00f6ket&nbsp;<strong>egyenruh\u00e1juk<\/strong>, illetve&nbsp;<strong>szolg\u00e1lati igazolv\u00e1nyuk<\/strong>&nbsp;\u00e9s&nbsp;<strong>azonos\u00edt\u00f3 sz\u00e1mmal ell\u00e1tott jelv\u00e9ny\u00fck<\/strong>&nbsp;igazolja. A val\u00f3di rend\u0151rigazolv\u00e1nyon l\u00e1that\u00f3 a tulajdonos arck\u00e9pe, neve \u00e9s rendfokozata. Az ahhoz tartoz\u00f3 azonos\u00edt\u00f3 jelv\u00e9ny als\u00f3 r\u00e9sz\u00e9n a POLICE felirat helyett egy&nbsp;<strong>\u00d6TJEGY\u0170 AZONOS\u00cdT\u00d3 SZ\u00c1M<\/strong>&nbsp;szerepel. A rend\u0151rt int\u00e9zked\u00e9se sor\u00e1n az egyenruh\u00e1ja \u00e9s az azonos\u00edt\u00f3 jelv\u00e9nye, polg\u00e1ri ruh\u00e1ban szolg\u00e1lati igazolv\u00e1nya \u00e9s azonos\u00edt\u00f3 jelv\u00e9nye igazolja.<\/p>\n\n\n\n<p>A polg\u00e1ri ruh\u00e1ban int\u00e9zked\u0151 rend\u0151r az int\u00e9zked\u00e9s megkezd\u00e9se el\u0151tt szolg\u00e1lati igazolv\u00e1ny\u00e1t \u00e9s azonos\u00edt\u00f3 jelv\u00e9ny\u00e9t fel kell, hogy mutassa.<\/p>\n\n\n\n<p><strong>Jelek, amik arra figyelmeztetnek, hogy nem val\u00f3di rend\u0151rrel van dolgunk:<\/strong><\/p>\n\n\n\n<ul class=\"wp-block-list\">\n<li>ha a szolg\u00e1lati igazolv\u00e1ny\u00e1t csak egy pillanatra villantja fel<\/li>\n\n\n\n<li>ha nem akarja m\u00e9g egyszer megmutatni a szolg\u00e1lati igazolv\u00e1nyt<\/li>\n\n\n\n<li>ha a jelv\u00e9nyen nem szerepel sz\u00e1m, csak POLICE felirat olvashat\u00f3<\/li>\n\n\n\n<li>ha az ujjaival sz\u00e1nd\u00e9kosan takarja a jelv\u00e9nysz\u00e1m hely\u00e9t<\/li>\n\n\n\n<li>ha nem akarja vagy nem tudja megism\u00e9telni a jelv\u00e9nysz\u00e1m\u00e1t<\/li>\n\n\n\n<li>ha nem tudja megmondani, hogy melyik rend\u0151ri szervn\u00e9l dolgozik \u00e9s csak annyit mond, hogy a Rend\u0151rs\u00e9g munkat\u00e1rsa<\/li>\n\n\n\n<li>az int\u00e9zked\u00e9s sor\u00e1n \u201eb\u00fcntet\u00e9s kiszab\u00e1sak\u00e9nt\u201d k\u00e9szp\u00e9nzt k\u00e9r.<\/li>\n<\/ul>\n\n\n\n<p><strong>A rend\u0151ri int\u00e9zked\u00e9s sor\u00e1n k\u00e9szp\u00e9nz \u00e1tad\u00e1sa-\u00e1tv\u00e9tele nem val\u00f3sul meg! &nbsp;<\/strong><strong><\/strong><\/p>\n\n\n\n<p><strong>Mi a helyzet az IPA (International Police Association) igazolv\u00e1nnyal?<\/strong><strong><\/strong><\/p>\n\n\n\n<p>Az International Police Association (IPA), illetve annak magyarorsz\u00e1gi tagszervezetei, valamint ezen tagszervezeteket \u00f6sszefog\u00f3 IPA Magyar Szekci\u00f3 nem hat\u00f3s\u00e1g, hanem egyes\u00fcleti form\u00e1ban m\u0171k\u00f6d\u0151 civil szervezet (sz\u00f6vets\u00e9g), amelynek igazolv\u00e1nya nem min\u0151s\u00fcl rendv\u00e9delmi szerv \u00e1ltal ki\u00e1ll\u00edtott igazolv\u00e1nynak, illetve rend\u0151rigazolv\u00e1nynak. Ha valaki egy ilyen igazolv\u00e1nnyal pr\u00f3b\u00e1lja az int\u00e9zked\u00e9st hiteles\u00edteni, akkor biztosan \u00e1lrend\u0151rrel \u00e1llunk szemben.<\/p>\n\n\n\n<p><strong>Tov\u00e1bbi ism\u00e9rvek: <\/strong><strong><\/strong><\/p>\n\n\n\n<p>Ahogy a rend\u0151rs\u00e9gi vide\u00f3kon is nagyon sokszor l\u00e1that\u00f3, a rend\u0151ri int\u00e9zked\u00e9s sor\u00e1n a civil ruh\u00e1s rend\u0151r\u00f6k <strong>l\u00e1that\u00f3s\u00e1gi mell\u00e9nyben<\/strong> vagy a <strong>karjukra er\u0151s\u00edtett \u201ePolice\u201d vagy \u201eRend\u0151rs\u00e9g\u201d feliratot<\/strong> viselnek. Mindezek mellett jogszer\u0171en int\u00e9zkedni\u00fck kiz\u00e1r\u00f3lag a szolg\u00e1lati igazolv\u00e1nyuk \u00e9s azonos\u00edt\u00f3 jelv\u00e9ny\u00fck birtok\u00e1ban lehet.<\/p>\n\n\n\n<p>Ha b\u00e1rmely okb\u00f3l k\u00e9ts\u00e9gek mer\u00fcln\u00e9nek fel az int\u00e9zked\u00e9s jogszer\u0171s\u00e9g\u00e9t illet\u0151en, joguk van megk\u00e9rdezni \u00e9s fel\u00edrni a rend\u0151r nev\u00e9t, rendfokozat\u00e1t, szolg\u00e1lati hely\u00e9t, valamint jelv\u00e9nysz\u00e1m\u00e1t.&nbsp;<\/p>\n\n\n\n<figure class=\"wp-block-embed is-type-video is-provider-youtube wp-block-embed-youtube wp-embed-aspect-9-16 wp-has-aspect-ratio\"><div class=\"wp-block-embed__wrapper\">\n<iframe loading=\"lazy\" title=\"Mir\u0151l ismerhet\u0151 fel egy \u00e1lrend\u0151r?\" width=\"422\" height=\"750\" src=\"https:\/\/www.youtube.com\/embed\/eIJOTpk_cmo?feature=oembed\" frameborder=\"0\" allow=\"accelerometer; autoplay; clipboard-write; encrypted-media; gyroscope; picture-in-picture; web-share\" referrerpolicy=\"strict-origin-when-cross-origin\" allowfullscreen><\/iframe>\n<\/div><\/figure>\n","protected":false},"excerpt":{"rendered":"<p>Az id\u00e9n t\u00f6bb olyan esetr\u0151l is besz\u00e1moltunk, amikor valaki mag\u00e1t rend\u0151rnek kiadva int\u00e9zkedett \u00e9s b\u00edrs\u00e1golt meg embereket. Mindennapjaink sor\u00e1n val\u00f3ban ker\u00fclhet\u00fcnk olyan helyzetbe, amikor egy civil ruh\u00e1s rend\u0151r int\u00e9zkedik vel\u00fcnk szemben. Fontos azonban, hogy meg tudjuk \u00e1llap\u00edtani, hogy val\u00f3ban egy rend\u0151rrel \u00e1llunk szemben, nem pedig valamilyen \u00e1tver\u00e9s, b\u0171ncselekm\u00e9ny \u00e1ldozatai vagyunk. A rend\u0151r\u00f6ket&nbsp;egyenruh\u00e1juk, illetve&nbsp;szolg\u00e1lati igazolv\u00e1nyuk&nbsp;\u00e9s&nbsp;azonos\u00edt\u00f3 sz\u00e1mmal [&hellip;]<\/p>\n","protected":false},"author":2,"featured_media":612,"comment_status":"closed","ping_status":"open","sticky":false,"template":"","format":"standard","meta":{"site-container-style":"default","site-container-layout":"default","site-sidebar-layout":"default","disable-article-header":"default","disable-site-header":"default","disable-site-footer":"default","disable-content-area-spacing":"default","iawp_total_views":425,"footnotes":""},"categories":[5],"tags":[],"class_list":["post-607","post","type-post","status-publish","format-standard","has-post-thumbnail","hentry","category-altalanos"],"_links":{"self":[{"href":"https:\/\/nvsz.hu\/hirek\/index.php?rest_route=\/wp\/v2\/posts\/607","targetHints":{"allow":["GET"]}}],"collection":[{"href":"https:\/\/nvsz.hu\/hirek\/index.php?rest_route=\/wp\/v2\/posts"}],"about":[{"href":"https:\/\/nvsz.hu\/hirek\/index.php?rest_route=\/wp\/v2\/types\/post"}],"author":[{"embeddable":true,"href":"https:\/\/nvsz.hu\/hirek\/index.php?rest_route=\/wp\/v2\/users\/2"}],"replies":[{"embeddable":true,"href":"https:\/\/nvsz.hu\/hirek\/index.php?rest_route=%2Fwp%2Fv2%2Fcomments&post=607"}],"version-history":[{"count":1,"href":"https:\/\/nvsz.hu\/hirek\/index.php?rest_route=\/wp\/v2\/posts\/607\/revisions"}],"predecessor-version":[{"id":610,"href":"https:\/\/nvsz.hu\/hirek\/index.php?rest_route=\/wp\/v2\/posts\/607\/revisions\/610"}],"wp:featuredmedia":[{"embeddable":true,"href":"https:\/\/nvsz.hu\/hirek\/index.php?rest_route=\/wp\/v2\/media\/612"}],"wp:attachment":[{"href":"https:\/\/nvsz.hu\/hirek\/index.php?rest_route=%2Fwp%2Fv2%2Fmedia&parent=607"}],"wp:term":[{"taxonomy":"category","embeddable":true,"href":"https:\/\/nvsz.hu\/hirek\/index.php?rest_route=%2Fwp%2Fv2%2Fcategories&post=607"},{"taxonomy":"post_tag","embeddable":true,"href":"https:\/\/nvsz.hu\/hirek\/index.php?rest_route=%2Fwp%2Fv2%2Ftags&post=607"}],"curies":[{"name":"wp","href":"https:\/\/api.w.org\/{rel}","templated":true}]}}