{"id":697,"date":"2026-01-26T13:02:01","date_gmt":"2026-01-26T13:02:01","guid":{"rendered":"https:\/\/nvsz.hu\/hirek\/?p=697"},"modified":"2026-01-26T13:02:01","modified_gmt":"2026-01-26T13:02:01","slug":"15-eves-lett-a-nemzeti-vedelmi-szolgalat","status":"publish","type":"post","link":"https:\/\/nvsz.hu\/hirek\/?p=697","title":{"rendered":"15 \u00e9ves lett a Nemzeti V\u00e9delmi Szolg\u00e1lat"},"content":{"rendered":"\n<p>Fenn\u00e1ll\u00e1s\u00e1nak 15. \u00e9vfordul\u00f3j\u00e1t \u00fcnnepli a Nemzeti V\u00e9delmi Szolg\u00e1lat, a rend\u0151rs\u00e9g bels\u0151 b\u0171nmegel\u0151z\u00e9si \u00e9s b\u0171nfelder\u00edt\u00e9si szerve. Az alapfeladatai v\u00e1ltozatlanok: felder\u00edt\u00e9s, v\u00e9delem, korrupci\u00f3megel\u0151z\u00e9s, megb\u00edzhat\u00f3s\u00e1gi vizsg\u00e1lat \u00e9s kifog\u00e1stalan \u00e9letvitel ellen\u0151rz\u00e9s.<\/p>\n\n\n\n<p>A v\u00e9dett \u00e1llom\u00e1nya folyamatosan b\u0151v\u00fclt, a kezdeti 93 ezer f\u0151r\u0151l ma m\u00e1r mintegy 270 ezer f\u0151 tartozik hat\u00e1sk\u00f6r\u00e9be. A rendv\u00e9delmi \u00e9s a meghat\u00e1rozott k\u00f6zigazgat\u00e1si szervek munkat\u00e1rsain t\u00fal, egyebek mellett az \u00e1llami eg\u00e9szs\u00e9g\u00fcgyben dolgoz\u00f3k \u00e9s a gondoskod\u00e1spolitika ter\u00fclet\u00e9n foglalkoztatottak.<\/p>\n\n\n\n<p>Kiemelt feladata, hogy felder\u00edtse \u00e9s megakad\u00e1lyozza azt, hogy a szervezett b\u0171n\u00f6z\u0151i k\u00f6r\u00f6kh\u00f6z tartoz\u00f3 szem\u00e9lyek befoly\u00e1solj\u00e1k, nyom\u00e1s al\u00e1 helyezz\u00e9k vagy hamisan megv\u00e1dolj\u00e1k a v\u00e9dett \u00e1llom\u00e1ny tagjait. Ha ilyet \u00e9szlelnek, azonnal k\u00f6zbel\u00e9pnek. A 15 \u00e9v alatt sz\u00e1mos szervezett b\u0171n\u00f6z\u0151i csoportot sz\u00e1moltak fel az NVSZ felder\u00edt\u00e9sei nyom\u00e1n, bilincs ker\u00fclt Vizoviczki, Portik \u00e9s Roh\u00e1\u010d kez\u00e9re.<\/p>\n\n\n\n<p>A rendv\u00e9delemben az NVSZ az egyetlen olyan akkredit\u00e1lt szervezet, amely poligr\u00e1fos vizsg\u00e1latot v\u00e9gez. Oktat\u00f3hely is egyben, \u00edgy szak\u00e9rt\u0151i k\u00e9pzik a rend\u00e9szeti ter\u00fcleten dolgoz\u00f3 poligr\u00e1fos szaktan\u00e1csad\u00f3kat.<\/p>\n\n\n\n<p>A kiberb\u0171n\u00f6z\u00e9s egyre nagyobb elterjed\u00e9s\u00e9vel p\u00e1rhuzamosan az NVSZ kiberfelder\u00edt\u0151i a folyamatosan fejlesztett szaktud\u00e1sukkal \u00e9s a legfejlettebb technikai eszk\u00f6z\u00f6kkel l\u00e9pnek fel az online t\u00e9rben b\u0171ncselekm\u00e9nyt elk\u00f6vet\u0151kkel szemben \u00e9s v\u00e9geznek szaktan\u00e1csad\u00f3i tev\u00e9kenys\u00e9get a nyomoz\u00f3hat\u00f3s\u00e1gok felk\u00e9r\u00e9s\u00e9re.<\/p>\n\n\n\n<p>Az NVSZ v\u00e9delmi tisztjei sz\u00e1mos olyan esetben j\u00e1rtak el, amikor munkak\u00f6r\u00fck miatt hal\u00e1los fenyeget\u00e9st k\u00fcldtek, zsaroltak, b\u00e1ntalmaztak rend\u0151r\u00f6ket, orvosokat, b\u00f6rt\u00f6n\u0151r\u00f6ket vagy \u00fcgyint\u00e9z\u0151ket. V\u00e9delmi funkci\u00f3j\u00e1nak ell\u00e1t\u00e1sa sor\u00e1n mindig oly m\u00f3don j\u00e1rnak el, ahogyan azt maguk is elv\u00e1rn\u00e1k, ha \u0151ket, illetve csal\u00e1djukat \u00e9rn\u00e9 fenyeget\u00e9s.<\/p>\n\n\n\n<p><\/p>\n\n\n\n<figure class=\"wp-block-embed is-type-video is-provider-youtube wp-block-embed-youtube wp-embed-aspect-16-9 wp-has-aspect-ratio\"><div class=\"wp-block-embed__wrapper\">\n<iframe loading=\"lazy\" title=\"15 \u00e9ves lett a Nemzeti V\u00e9delmi Szolg\u00e1lat\" width=\"500\" height=\"281\" src=\"https:\/\/www.youtube.com\/embed\/svtIvAgyD1s?feature=oembed\" frameborder=\"0\" allow=\"accelerometer; autoplay; clipboard-write; encrypted-media; gyroscope; picture-in-picture; web-share\" referrerpolicy=\"strict-origin-when-cross-origin\" allowfullscreen><\/iframe>\n<\/div><\/figure>\n","protected":false},"excerpt":{"rendered":"<p>Fenn\u00e1ll\u00e1s\u00e1nak 15. \u00e9vfordul\u00f3j\u00e1t \u00fcnnepli a Nemzeti V\u00e9delmi Szolg\u00e1lat, a rend\u0151rs\u00e9g bels\u0151 b\u0171nmegel\u0151z\u00e9si \u00e9s b\u0171nfelder\u00edt\u00e9si szerve. Az alapfeladatai v\u00e1ltozatlanok: felder\u00edt\u00e9s, v\u00e9delem, korrupci\u00f3megel\u0151z\u00e9s, megb\u00edzhat\u00f3s\u00e1gi vizsg\u00e1lat \u00e9s kifog\u00e1stalan \u00e9letvitel ellen\u0151rz\u00e9s. A v\u00e9dett \u00e1llom\u00e1nya folyamatosan b\u0151v\u00fclt, a kezdeti 93 ezer f\u0151r\u0151l ma m\u00e1r mintegy 270 ezer f\u0151 tartozik hat\u00e1sk\u00f6r\u00e9be. A rendv\u00e9delmi \u00e9s a meghat\u00e1rozott k\u00f6zigazgat\u00e1si szervek munkat\u00e1rsain t\u00fal, egyebek [&hellip;]<\/p>\n","protected":false},"author":2,"featured_media":698,"comment_status":"closed","ping_status":"open","sticky":false,"template":"","format":"standard","meta":{"site-container-style":"default","site-container-layout":"default","site-sidebar-layout":"default","disable-article-header":"default","disable-site-header":"default","disable-site-footer":"default","disable-content-area-spacing":"default","iawp_total_views":122,"footnotes":""},"categories":[5],"tags":[],"class_list":["post-697","post","type-post","status-publish","format-standard","has-post-thumbnail","hentry","category-altalanos"],"_links":{"self":[{"href":"https:\/\/nvsz.hu\/hirek\/index.php?rest_route=\/wp\/v2\/posts\/697","targetHints":{"allow":["GET"]}}],"collection":[{"href":"https:\/\/nvsz.hu\/hirek\/index.php?rest_route=\/wp\/v2\/posts"}],"about":[{"href":"https:\/\/nvsz.hu\/hirek\/index.php?rest_route=\/wp\/v2\/types\/post"}],"author":[{"embeddable":true,"href":"https:\/\/nvsz.hu\/hirek\/index.php?rest_route=\/wp\/v2\/users\/2"}],"replies":[{"embeddable":true,"href":"https:\/\/nvsz.hu\/hirek\/index.php?rest_route=%2Fwp%2Fv2%2Fcomments&post=697"}],"version-history":[{"count":1,"href":"https:\/\/nvsz.hu\/hirek\/index.php?rest_route=\/wp\/v2\/posts\/697\/revisions"}],"predecessor-version":[{"id":699,"href":"https:\/\/nvsz.hu\/hirek\/index.php?rest_route=\/wp\/v2\/posts\/697\/revisions\/699"}],"wp:featuredmedia":[{"embeddable":true,"href":"https:\/\/nvsz.hu\/hirek\/index.php?rest_route=\/wp\/v2\/media\/698"}],"wp:attachment":[{"href":"https:\/\/nvsz.hu\/hirek\/index.php?rest_route=%2Fwp%2Fv2%2Fmedia&parent=697"}],"wp:term":[{"taxonomy":"category","embeddable":true,"href":"https:\/\/nvsz.hu\/hirek\/index.php?rest_route=%2Fwp%2Fv2%2Fcategories&post=697"},{"taxonomy":"post_tag","embeddable":true,"href":"https:\/\/nvsz.hu\/hirek\/index.php?rest_route=%2Fwp%2Fv2%2Ftags&post=697"}],"curies":[{"name":"wp","href":"https:\/\/api.w.org\/{rel}","templated":true}]}}