{"id":702,"date":"2026-03-18T14:10:22","date_gmt":"2026-03-18T14:10:22","guid":{"rendered":"https:\/\/nvsz.hu\/hirek\/?p=702"},"modified":"2026-03-18T14:10:22","modified_gmt":"2026-03-18T14:10:22","slug":"6-ev-bortonbuntetest-kapott-a-foorvos-aki-latszat-orvosi-kezelest-kovetoen-allitott-volna-ki-igazolast","status":"publish","type":"post","link":"https:\/\/nvsz.hu\/hirek\/?p=702","title":{"rendered":"6 \u00e9v b\u00f6rt\u00f6nb\u00fcntet\u00e9st kapott a f\u0151orvos, aki l\u00e1tszat orvosi kezel\u00e9st k\u00f6vet\u0151en \u00e1ll\u00edtott volna ki igazol\u00e1st"},"content":{"rendered":"\n<p>A Nemzeti V\u00e9delmi Szolg\u00e1lat egy megb\u00edzhat\u00f3s\u00e1gi vizsg\u00e1latot k\u00f6vet\u0151en kezdem\u00e9nyezett elj\u00e1r\u00e1st 2021 nyar\u00e1n egy Pest v\u00e1rmegyei k\u00f3rh\u00e1z akkori oszt\u00e1lyvezet\u0151 f\u0151orvos\u00e1val szemben, mert a doktorn\u0151 t\u00f6bb sz\u00e1zezer forint ellen\u00e9ben v\u00e1llalta, hogy l\u00e1tszat orvosi kezel\u00e9seket k\u00f6vet\u0151en igazol\u00e1st \u00e1ll\u00edt ki arr\u00f3l, hogy a t\u00e1rgyal\u00f3tiszt szabads\u00e1gveszt\u00e9s\u00e9nek megkezd\u00e9s\u00e9t 6 h\u00f3nappal elhalassz\u00e1k.<\/p>\n\n\n\n<p>Az elj\u00e1r\u00e1s sor\u00e1n az is kider\u00fclt, hogy a f\u0151orvos egy val\u00f3tlan munk\u00e1ltat\u00f3i igazol\u00e1st is ki\u00e1ll\u00edtott egy fogvatartott r\u00e9sz\u00e9re az\u00e9rt, hogy a b\u00fcntet\u00e9s-v\u00e9grehajt\u00e1si b\u00edr\u00f3 a reintegr\u00e1ci\u00f3s \u0151rizet\u00e9nek keretein bel\u00fcl a mozg\u00e1si szabads\u00e1g\u00e1t kiterjessze.<\/p>\n\n\n\n<p>A kor\u00e1bbi f\u0151orvosn\u0151t a F\u0151v\u00e1rosi \u00cdt\u00e9l\u0151t\u00e1bla m\u00e1sodfok\u00fa joger\u0151s \u00edt\u00e9let\u00e9ben 6 \u00e9v b\u00f6rt\u00f6nb\u00fcntet\u00e9sre \u00edt\u00e9lte.<\/p>\n","protected":false},"excerpt":{"rendered":"<p>A Nemzeti V\u00e9delmi Szolg\u00e1lat egy megb\u00edzhat\u00f3s\u00e1gi vizsg\u00e1latot k\u00f6vet\u0151en kezdem\u00e9nyezett elj\u00e1r\u00e1st 2021 nyar\u00e1n egy Pest v\u00e1rmegyei k\u00f3rh\u00e1z akkori oszt\u00e1lyvezet\u0151 f\u0151orvos\u00e1val szemben, mert a doktorn\u0151 t\u00f6bb sz\u00e1zezer forint ellen\u00e9ben v\u00e1llalta, hogy l\u00e1tszat orvosi kezel\u00e9seket k\u00f6vet\u0151en igazol\u00e1st \u00e1ll\u00edt ki arr\u00f3l, hogy a t\u00e1rgyal\u00f3tiszt szabads\u00e1gveszt\u00e9s\u00e9nek megkezd\u00e9s\u00e9t 6 h\u00f3nappal elhalassz\u00e1k. Az elj\u00e1r\u00e1s sor\u00e1n az is kider\u00fclt, hogy a f\u0151orvos egy [&hellip;]<\/p>\n","protected":false},"author":2,"featured_media":703,"comment_status":"closed","ping_status":"open","sticky":false,"template":"","format":"standard","meta":{"site-container-style":"default","site-container-layout":"default","site-sidebar-layout":"default","disable-article-header":"default","disable-site-header":"default","disable-site-footer":"default","disable-content-area-spacing":"default","iawp_total_views":37,"footnotes":""},"categories":[5],"tags":[],"class_list":["post-702","post","type-post","status-publish","format-standard","has-post-thumbnail","hentry","category-altalanos"],"_links":{"self":[{"href":"https:\/\/nvsz.hu\/hirek\/index.php?rest_route=\/wp\/v2\/posts\/702","targetHints":{"allow":["GET"]}}],"collection":[{"href":"https:\/\/nvsz.hu\/hirek\/index.php?rest_route=\/wp\/v2\/posts"}],"about":[{"href":"https:\/\/nvsz.hu\/hirek\/index.php?rest_route=\/wp\/v2\/types\/post"}],"author":[{"embeddable":true,"href":"https:\/\/nvsz.hu\/hirek\/index.php?rest_route=\/wp\/v2\/users\/2"}],"replies":[{"embeddable":true,"href":"https:\/\/nvsz.hu\/hirek\/index.php?rest_route=%2Fwp%2Fv2%2Fcomments&post=702"}],"version-history":[{"count":1,"href":"https:\/\/nvsz.hu\/hirek\/index.php?rest_route=\/wp\/v2\/posts\/702\/revisions"}],"predecessor-version":[{"id":705,"href":"https:\/\/nvsz.hu\/hirek\/index.php?rest_route=\/wp\/v2\/posts\/702\/revisions\/705"}],"wp:featuredmedia":[{"embeddable":true,"href":"https:\/\/nvsz.hu\/hirek\/index.php?rest_route=\/wp\/v2\/media\/703"}],"wp:attachment":[{"href":"https:\/\/nvsz.hu\/hirek\/index.php?rest_route=%2Fwp%2Fv2%2Fmedia&parent=702"}],"wp:term":[{"taxonomy":"category","embeddable":true,"href":"https:\/\/nvsz.hu\/hirek\/index.php?rest_route=%2Fwp%2Fv2%2Fcategories&post=702"},{"taxonomy":"post_tag","embeddable":true,"href":"https:\/\/nvsz.hu\/hirek\/index.php?rest_route=%2Fwp%2Fv2%2Ftags&post=702"}],"curies":[{"name":"wp","href":"https:\/\/api.w.org\/{rel}","templated":true}]}}