{"id":707,"date":"2026-04-29T12:37:22","date_gmt":"2026-04-29T12:37:22","guid":{"rendered":"https:\/\/nvsz.hu\/hirek\/?p=707"},"modified":"2026-04-29T12:39:56","modified_gmt":"2026-04-29T12:39:56","slug":"megvarom-a-munkahelyen-es-el-fogom-utni","status":"publish","type":"post","link":"https:\/\/nvsz.hu\/hirek\/?p=707","title":{"rendered":"\u201eMegv\u00e1rom a munkahely\u00e9n \u00e9s el fogom \u00fctni\u201d"},"content":{"rendered":"\n<p>\u00cdgy fenyegette az idegenrend\u00e9szeti \u00fcgyint\u00e9z\u0151t egy koszov\u00f3i-szerb f\u00e9rfi.<\/p>\n\n\n\n<p>Illeg\u00e1lisan tart\u00f3zkodott haz\u00e1nkban az a koszov\u00f3i-szerb kett\u0151s \u00e1llampolg\u00e1rs\u00e1g\u00fa f\u00e9rfi, akit 2026. m\u00e1rcius 5-\u00e9n Budapesten fogtak el. A f\u00e9rfi \u00e9rv\u00e9nyes tart\u00f3zkod\u00e1si enged\u00e9llyel nem rendelkezett, ugyanakkor hivatalos szem\u00e9ly elleni er\u0151szak b\u0171ntette, aut\u00f3p\u00e1ly\u00e1n elk\u00f6vetett \u00fan. \u201etr\u00fckk\u00f6s\u201d lop\u00e1s, k\u00e1b\u00edt\u00f3szerrel vissza\u00e9l\u00e9s b\u0171ntette, valamint k\u00f6z\u00fati vesz\u00e9lyeztet\u00e9s b\u0171ntette miatt m\u00e1r ismert volt a hat\u00f3s\u00e1gok el\u0151tt. Ellene kor\u00e1bban m\u00e1r a spanyol hat\u00f3s\u00e1gok is elrendeltek a schengeni orsz\u00e1gokba t\u00f6rt\u00e9n\u0151 beutaz\u00e1si \u00e9s tart\u00f3zkod\u00e1si tilalmat.<\/p>\n\n\n\n<p>A b\u00edr\u00f3s\u00e1g el\u0151tt folytatott idegenrend\u00e9szeti elj\u00e1r\u00e1sa sor\u00e1n az idegenrend\u00e9szeti hat\u00f3s\u00e1g munkat\u00e1rs\u00e1t azzal fenyegette meg, amennyiben <a>nem int\u00e9zkedik gyorsan az \u00fcgy\u00e9ben<\/a>, kiutas\u00edt\u00e1s\u00e1t k\u00f6vet\u0151en r\u00f6vid id\u0151n bel\u00fcl visszat\u00e9r Magyarorsz\u00e1g ter\u00fclet\u00e9re, \u00e9s a munkahelye k\u00f6rny\u00e9k\u00e9n aut\u00f3val el fogja \u00fctni. A koszov\u00f3i-szerbf\u00e9rfit az Orsz\u00e1gos Idegenrend\u00e9szeti F\u0151igazgat\u00f3s\u00e1g (tov\u00e1bbiakban: OIF) kiutas\u00edtotta haz\u00e1nkb\u00f3l \u00e9s 5 \u00e9v beutaz\u00e1si \u00e9s tart\u00f3zkod\u00e1si tilalmat rendelt el, majd \u00e1tadt\u00e1k a szerb hat\u00f3s\u00e1goknak.<\/p>\n\n\n\n<p>Miut\u00e1n felt\u00e9telezhet\u0151 volt, hogy ism\u00e9t megpr\u00f3b\u00e1l Magyarorsz\u00e1g ter\u00fclet\u00e9re illeg\u00e1lisan visszat\u00e9rni \u00e9s a fenyeget\u00e9s\u00e9t bev\u00e1ltani, ez\u00e9rt az idegenrend\u00e9szeti hat\u00f3s\u00e1g munkat\u00e1rs\u00e1nak v\u00e9delme \u00e9rdek\u00e9ben a Nemzeti V\u00e9delmi Szolg\u00e1lat v\u00e9delmi funkci\u00f3s elj\u00e1r\u00e1st rendelt el.<\/p>\n\n\n\n<p>A v\u00e9delmi elj\u00e1r\u00e1sban keletkezett inform\u00e1ci\u00f3k szerint a f\u00e9rfi val\u00f3ban visszat\u00e9rt Magyarorsz\u00e1gra, \u0151t a K\u00e9szenl\u00e9ti Rend\u0151rs\u00e9g Nemzeti Nyomoz\u00f3 Iroda Bevet\u00e9st T\u00e1mogat\u00f3 Oszt\u00e1lya 2026. \u00e1prilis 29-\u00e9n hajnalban az OIF \u00e9p\u00fclet\u00e9t\u0151l nem messze egy lak\u00e1sban elfogta. Elfog\u00e1s\u00e1t k\u00f6vet\u0151 b\u00edr\u00f3s\u00e1gi elj\u00e1r\u00e1sa ut\u00e1n n\u00e9h\u00e1ny napon bel\u00fcl ism\u00e9telten kitoloncolj\u00e1k Magyarorsz\u00e1g ter\u00fclet\u00e9r\u0151l \u00e9s \u00e1tadj\u00e1k a szerb hat\u00f3s\u00e1goknak.<\/p>\n\n\n\n<figure class=\"wp-block-embed is-type-video is-provider-youtube wp-block-embed-youtube wp-embed-aspect-16-9 wp-has-aspect-ratio\"><div class=\"wp-block-embed__wrapper\">\n<iframe loading=\"lazy\" title=\"\u201eMegv\u00e1rom a munkahely\u00e9n \u00e9s el fogom \u00fctni\u201d\" width=\"500\" height=\"281\" src=\"https:\/\/www.youtube.com\/embed\/IiUDv8VPNeM?feature=oembed\" frameborder=\"0\" allow=\"accelerometer; autoplay; clipboard-write; encrypted-media; gyroscope; picture-in-picture; web-share\" referrerpolicy=\"strict-origin-when-cross-origin\" allowfullscreen><\/iframe>\n<\/div><\/figure>\n\n\n\n<p><\/p>\n","protected":false},"excerpt":{"rendered":"<p>\u00cdgy fenyegette az idegenrend\u00e9szeti \u00fcgyint\u00e9z\u0151t egy koszov\u00f3i-szerb f\u00e9rfi. Illeg\u00e1lisan tart\u00f3zkodott haz\u00e1nkban az a koszov\u00f3i-szerb kett\u0151s \u00e1llampolg\u00e1rs\u00e1g\u00fa f\u00e9rfi, akit 2026. m\u00e1rcius 5-\u00e9n Budapesten fogtak el. A f\u00e9rfi \u00e9rv\u00e9nyes tart\u00f3zkod\u00e1si enged\u00e9llyel nem rendelkezett, ugyanakkor hivatalos szem\u00e9ly elleni er\u0151szak b\u0171ntette, aut\u00f3p\u00e1ly\u00e1n elk\u00f6vetett \u00fan. \u201etr\u00fckk\u00f6s\u201d lop\u00e1s, k\u00e1b\u00edt\u00f3szerrel vissza\u00e9l\u00e9s b\u0171ntette, valamint k\u00f6z\u00fati vesz\u00e9lyeztet\u00e9s b\u0171ntette miatt m\u00e1r ismert volt a hat\u00f3s\u00e1gok [&hellip;]<\/p>\n","protected":false},"author":2,"featured_media":708,"comment_status":"closed","ping_status":"open","sticky":false,"template":"","format":"standard","meta":{"site-container-style":"default","site-container-layout":"default","site-sidebar-layout":"default","disable-article-header":"default","disable-site-header":"default","disable-site-footer":"default","disable-content-area-spacing":"default","iawp_total_views":5,"footnotes":""},"categories":[5],"tags":[],"class_list":["post-707","post","type-post","status-publish","format-standard","has-post-thumbnail","hentry","category-altalanos"],"_links":{"self":[{"href":"https:\/\/nvsz.hu\/hirek\/index.php?rest_route=\/wp\/v2\/posts\/707","targetHints":{"allow":["GET"]}}],"collection":[{"href":"https:\/\/nvsz.hu\/hirek\/index.php?rest_route=\/wp\/v2\/posts"}],"about":[{"href":"https:\/\/nvsz.hu\/hirek\/index.php?rest_route=\/wp\/v2\/types\/post"}],"author":[{"embeddable":true,"href":"https:\/\/nvsz.hu\/hirek\/index.php?rest_route=\/wp\/v2\/users\/2"}],"replies":[{"embeddable":true,"href":"https:\/\/nvsz.hu\/hirek\/index.php?rest_route=%2Fwp%2Fv2%2Fcomments&post=707"}],"version-history":[{"count":3,"href":"https:\/\/nvsz.hu\/hirek\/index.php?rest_route=\/wp\/v2\/posts\/707\/revisions"}],"predecessor-version":[{"id":711,"href":"https:\/\/nvsz.hu\/hirek\/index.php?rest_route=\/wp\/v2\/posts\/707\/revisions\/711"}],"wp:featuredmedia":[{"embeddable":true,"href":"https:\/\/nvsz.hu\/hirek\/index.php?rest_route=\/wp\/v2\/media\/708"}],"wp:attachment":[{"href":"https:\/\/nvsz.hu\/hirek\/index.php?rest_route=%2Fwp%2Fv2%2Fmedia&parent=707"}],"wp:term":[{"taxonomy":"category","embeddable":true,"href":"https:\/\/nvsz.hu\/hirek\/index.php?rest_route=%2Fwp%2Fv2%2Fcategories&post=707"},{"taxonomy":"post_tag","embeddable":true,"href":"https:\/\/nvsz.hu\/hirek\/index.php?rest_route=%2Fwp%2Fv2%2Ftags&post=707"}],"curies":[{"name":"wp","href":"https:\/\/api.w.org\/{rel}","templated":true}]}}