{"id":712,"date":"2026-04-30T14:27:50","date_gmt":"2026-04-30T14:27:50","guid":{"rendered":"https:\/\/nvsz.hu\/hirek\/?p=712"},"modified":"2026-04-30T14:27:50","modified_gmt":"2026-04-30T14:27:50","slug":"gyermekpornografia-a-gyanu","status":"publish","type":"post","link":"https:\/\/nvsz.hu\/hirek\/?p=712","title":{"rendered":"Gyermekpornogr\u00e1fia a gyan\u00fa"},"content":{"rendered":"\n<p>Az 56 \u00e9ves gyan\u00fas\u00edtott kiskor\u00faakt\u00f3l is k\u00e9rt szexu\u00e1lis szolg\u00e1ltat\u00e1st, amit vide\u00f3ra is vett. A lefoglalt eszk\u00f6zein 20 \u00e9vre visszamen\u0151en tal\u00e1ltak fot\u00f3kat \u00e9s vide\u00f3kat.<\/p>\n\n\n\n<p>Az NVSZ v\u00e9delmi tisztjei titkos inform\u00e1ci\u00f3gy\u0171jt\u00e9st k\u00f6vet\u0151en tettek feljelent\u00e9st a Szabolcs-Szatm\u00e1r-Bereg V\u00e1rmegyei Rend\u0151r-f\u0151kapit\u00e1nys\u00e1gon. A Nemzeti V\u00e9delmi Szolg\u00e1lat Gyermekv\u00e9delmi F\u0151oszt\u00e1ly\u00e1hoz 2025 \u00e9v v\u00e9g\u00e9n \u00e9rkezett inform\u00e1ci\u00f3k, majd az azt k\u00f6vet\u0151 felder\u00edt\u00e9s adatai szerint egy 56 \u00e9ves ny\u00edregyh\u00e1zi f\u00e9rfi k\u00e1b\u00edt\u00f3szerrel kereskedett, illetve k\u00e1b\u00edt\u00f3szert adott \u00e1t k\u00fcl\u00f6nb\u00f6z\u0151 \u00e9letkor\u00fa n\u0151knek, k\u00f6zt\u00fck kiskor\u00faaknak is, akikt\u0151l szexu\u00e1lis szolg\u00e1ltat\u00e1st k\u00e9rt cser\u00e9be. A fiatalabb l\u00e1nyokat sokszor a gyermekotthon k\u00f6rny\u00e9k\u00e9n sz\u00f3l\u00edtotta le. A szexu\u00e1lis egy\u00fcttl\u00e9tekr\u0151l t\u00f6bbsz\u00f6r felv\u00e9telt is k\u00e9sz\u00edtett. Arra vonatkoz\u00f3an is keletkeztek inform\u00e1ci\u00f3k, hogy a f\u00e9rfi telefonj\u00e1n sz\u00e1mos erotikus tartalm\u00fa f\u00e9nyk\u00e9pet \u00e9s vide\u00f3felv\u00e9telt t\u00e1rolt a szexu\u00e1lis egy\u00fcttl\u00e9tekr\u0151l. A ny\u00edregyh\u00e1zi f\u00e9rfi az aut\u00f3j\u00e1t \u00fagy alak\u00edtotta \u00e1t, hogy abba beszerelt egy fa \u00e1gylapot matraccal, amely az egy\u00fcttl\u00e9tek egyik helysz\u00edne volt.<\/p>\n\n\n\n<p>A f\u00e9rfi elfog\u00e1s\u00e1ra 2026. \u00e1prilis 20-\u00e1n az NVSZ k\u00f6zrem\u0171k\u00f6d\u00e9s\u00e9vel ker\u00fclt sor.<\/p>\n\n\n\n<p>A lak\u00e1s\u00e1n, valamint az aut\u00f3j\u00e1ban tartott kutat\u00e1s eredm\u00e9nyek\u00e9nt k\u00e1b\u00edt\u00f3szergyan\u00fas anyagokat, m\u00e9rleget \u00e9s informatikai eszk\u00f6z\u00f6ket foglaltak le. A lefoglalt informatikai eszk\u00f6z\u00f6k els\u0151dleges \u00e1tvizsg\u00e1l\u00e1sa sor\u00e1n hatalmas mennyis\u00e9g\u0171 nevekkel ell\u00e1tott mapp\u00e1kba rendezett \u2013 5 terrabyte-nyi adatot tal\u00e1ltak \u00e9s foglaltak le a nyomoz\u00f3k. Ez a mennyis\u00e9g ak\u00e1r t\u00f6bb t\u00edzezer fot\u00f3t \u00e9s 400-600 \u00f3r\u00e1nyi vide\u00f3felv\u00e9telt jelenthet. A lefoglalt adatok elemz\u00e9s\u00e9t az NVSZ Kiberfelder\u00edt\u00e9si F\u0151oszt\u00e1lya megkezdte. A nevekkel ell\u00e1tott mapp\u00e1k alapj\u00e1n v\u00e1rhat\u00f3an tov\u00e1bbi s\u00e9rtettek is beazonos\u00edthat\u00f3k lesznek.<\/p>\n\n\n\n<p>A f\u00e9rfi jelenleg letart\u00f3ztat\u00e1sban van.<\/p>\n\n\n\n<figure class=\"wp-block-embed is-type-video is-provider-youtube wp-block-embed-youtube wp-embed-aspect-16-9 wp-has-aspect-ratio\"><div class=\"wp-block-embed__wrapper\">\n<iframe loading=\"lazy\" title=\"Gyermekpornogr\u00e1fia a gyan\u00fa \" width=\"500\" height=\"281\" src=\"https:\/\/www.youtube.com\/embed\/JNsA9RnJU4c?feature=oembed\" frameborder=\"0\" allow=\"accelerometer; autoplay; clipboard-write; encrypted-media; gyroscope; picture-in-picture; web-share\" referrerpolicy=\"strict-origin-when-cross-origin\" allowfullscreen><\/iframe>\n<\/div><\/figure>\n","protected":false},"excerpt":{"rendered":"<p>Az 56 \u00e9ves gyan\u00fas\u00edtott kiskor\u00faakt\u00f3l is k\u00e9rt szexu\u00e1lis szolg\u00e1ltat\u00e1st, amit vide\u00f3ra is vett. A lefoglalt eszk\u00f6zein 20 \u00e9vre visszamen\u0151en tal\u00e1ltak fot\u00f3kat \u00e9s vide\u00f3kat. Az NVSZ v\u00e9delmi tisztjei titkos inform\u00e1ci\u00f3gy\u0171jt\u00e9st k\u00f6vet\u0151en tettek feljelent\u00e9st a Szabolcs-Szatm\u00e1r-Bereg V\u00e1rmegyei Rend\u0151r-f\u0151kapit\u00e1nys\u00e1gon. A Nemzeti V\u00e9delmi Szolg\u00e1lat Gyermekv\u00e9delmi F\u0151oszt\u00e1ly\u00e1hoz 2025 \u00e9v v\u00e9g\u00e9n \u00e9rkezett inform\u00e1ci\u00f3k, majd az azt k\u00f6vet\u0151 felder\u00edt\u00e9s adatai szerint egy [&hellip;]<\/p>\n","protected":false},"author":2,"featured_media":713,"comment_status":"closed","ping_status":"open","sticky":false,"template":"","format":"standard","meta":{"site-container-style":"default","site-container-layout":"default","site-sidebar-layout":"default","disable-article-header":"default","disable-site-header":"default","disable-site-footer":"default","disable-content-area-spacing":"default","iawp_total_views":0,"footnotes":""},"categories":[5],"tags":[],"class_list":["post-712","post","type-post","status-publish","format-standard","has-post-thumbnail","hentry","category-altalanos"],"_links":{"self":[{"href":"https:\/\/nvsz.hu\/hirek\/index.php?rest_route=\/wp\/v2\/posts\/712","targetHints":{"allow":["GET"]}}],"collection":[{"href":"https:\/\/nvsz.hu\/hirek\/index.php?rest_route=\/wp\/v2\/posts"}],"about":[{"href":"https:\/\/nvsz.hu\/hirek\/index.php?rest_route=\/wp\/v2\/types\/post"}],"author":[{"embeddable":true,"href":"https:\/\/nvsz.hu\/hirek\/index.php?rest_route=\/wp\/v2\/users\/2"}],"replies":[{"embeddable":true,"href":"https:\/\/nvsz.hu\/hirek\/index.php?rest_route=%2Fwp%2Fv2%2Fcomments&post=712"}],"version-history":[{"count":1,"href":"https:\/\/nvsz.hu\/hirek\/index.php?rest_route=\/wp\/v2\/posts\/712\/revisions"}],"predecessor-version":[{"id":714,"href":"https:\/\/nvsz.hu\/hirek\/index.php?rest_route=\/wp\/v2\/posts\/712\/revisions\/714"}],"wp:featuredmedia":[{"embeddable":true,"href":"https:\/\/nvsz.hu\/hirek\/index.php?rest_route=\/wp\/v2\/media\/713"}],"wp:attachment":[{"href":"https:\/\/nvsz.hu\/hirek\/index.php?rest_route=%2Fwp%2Fv2%2Fmedia&parent=712"}],"wp:term":[{"taxonomy":"category","embeddable":true,"href":"https:\/\/nvsz.hu\/hirek\/index.php?rest_route=%2Fwp%2Fv2%2Fcategories&post=712"},{"taxonomy":"post_tag","embeddable":true,"href":"https:\/\/nvsz.hu\/hirek\/index.php?rest_route=%2Fwp%2Fv2%2Ftags&post=712"}],"curies":[{"name":"wp","href":"https:\/\/api.w.org\/{rel}","templated":true}]}}