{"id":77,"date":"2023-02-04T19:13:00","date_gmt":"2023-02-04T19:13:00","guid":{"rendered":"https:\/\/nvsz.hu\/hirek\/?p=77"},"modified":"2024-03-28T08:44:54","modified_gmt":"2024-03-28T08:44:54","slug":"70-000-forintot-lopott-a-mentos-a-betegtol","status":"publish","type":"post","link":"https:\/\/nvsz.hu\/hirek\/?p=77","title":{"rendered":"70.000 forintot lopott a ment\u0151s a \u201ebetegt\u0151l\u201d"},"content":{"rendered":"\n<p>Megbukott a megb\u00edzhat\u00f3s\u00e1gi vizsg\u00e1laton egy eg\u00e9szs\u00e9g\u00fcgyi szolg\u00e1lati jogviszonyban foglalkoztatott ment\u0151s. A rend\u0151rs\u00e9gi kihallgat\u00e1son beismerte tett\u00e9t.<\/p>\n\n\n\n<p>A Nemzeti V\u00e9delmi Szolg\u00e1lat munkat\u00e1rsai megb\u00edzhat\u00f3s\u00e1gi vizsg\u00e1latot hajtottak v\u00e9gre 2023. febru\u00e1r 1-j\u00e9n k\u00e9t eg\u00e9szs\u00e9g\u00fcgyi szolg\u00e1lati jogviszonyban foglalkoztatott budapesti ment\u0151s tekintet\u00e9ben.<\/p>\n\n\n\n<p>A megb\u00edzhat\u00f3s\u00e1gi vizsg\u00e1lat a korrupci\u00f3 elleni fell\u00e9p\u00e9s egyik hat\u00e9kony eszk\u00f6ze, annak visszaszor\u00edt\u00e1s\u00e1t szolg\u00e1lja. A vizsg\u00e1lat sor\u00e1n a val\u00f3s\u00e1gban is el\u0151fordul\u00f3 \u00e9lethelyzetek mesters\u00e9ges kialak\u00edt\u00e1s\u00e1val az NVSZ azt ellen\u0151rzi, hogy az \u00e9rintett eleget tesz-e jogszab\u00e1lyban el\u0151\u00edrt hivatali k\u00f6telezetts\u00e9g\u00e9nek.<\/p>\n\n\n\n<p>A vizsg\u00e1lat sor\u00e1n az NVSZ munkat\u00e1rs\u00e1t\u00f3l, akir\u0151l azt gondolt\u00e1k, hogy beteg, ez\u00e9rt k\u00f3rh\u00e1zba sz\u00e1ll\u00edtott\u00e1k, az egyik ment\u0151\u00e1pol\u00f3 70.000 Ft k\u00e9szp\u00e9nzt tulajdon\u00edtott el.<\/p>\n\n\n\n<p>A k\u00f3rh\u00e1zban a rend\u0151rs\u00e9g int\u00e9zked\u00e9s al\u00e1 vonta a k\u00e9t ment\u0151st, de \u0151k tagadt\u00e1k a b\u0171ncselekm\u00e9ny elk\u00f6vet\u00e9s\u00e9t, az ellopott p\u00e9nz \u00e1tad\u00e1s\u00e1ra \u00f6nk\u00e9nt nem ker\u00fclt sor. A nyomoz\u00f3 hat\u00f3s\u00e1g munkat\u00e1rsai azonban az egyik ment\u0151\u00e1pol\u00f3 nadr\u00e1gzseb\u00e9ben megtal\u00e1lt\u00e1k a hi\u00e1nyz\u00f3 p\u00e9nzt, amit lefoglaltak.A ment\u0151\u00e1pol\u00f3t lop\u00e1s b\u0171ncselekm\u00e9ny megalapozott gyan\u00faja miatt el\u0151\u00e1ll\u00edtott\u00e1k \u00e9s gyan\u00fas\u00edtottk\u00e9nt hallgatt\u00e1k ki, aki ekkor m\u00e1r beismer\u0151 vallom\u00e1st tett. Az \u00fcgyben a Budapesti Rend\u0151r-f\u0151kapit\u00e1nys\u00e1g III. Ker\u00fcleti Rend\u0151rkapit\u00e1nys\u00e1g ind\u00edtott b\u00fcntet\u0151elj\u00e1r\u00e1st.<\/p>\n\n\n\n<figure class=\"wp-block-gallery has-nested-images columns-default is-cropped wp-block-gallery-1 is-layout-flex wp-block-gallery-is-layout-flex\">\n<figure class=\"wp-block-image size-large\"><img loading=\"lazy\" decoding=\"async\" width=\"1024\" height=\"576\" data-id=\"80\" src=\"https:\/\/nvsz.hu\/hirek\/wp-content\/uploads\/2024\/01\/03-1024x576.png\" alt=\"\" class=\"wp-image-80\" srcset=\"https:\/\/nvsz.hu\/hirek\/wp-content\/uploads\/2024\/01\/03-1024x576.png 1024w, https:\/\/nvsz.hu\/hirek\/wp-content\/uploads\/2024\/01\/03-300x169.png 300w, https:\/\/nvsz.hu\/hirek\/wp-content\/uploads\/2024\/01\/03-768x432.png 768w, https:\/\/nvsz.hu\/hirek\/wp-content\/uploads\/2024\/01\/03-1536x864.png 1536w, https:\/\/nvsz.hu\/hirek\/wp-content\/uploads\/2024\/01\/03.png 1920w\" sizes=\"auto, (max-width: 1024px) 100vw, 1024px\" \/><\/figure>\n\n\n\n<figure class=\"wp-block-image size-large\"><img loading=\"lazy\" decoding=\"async\" width=\"1024\" height=\"576\" data-id=\"79\" src=\"https:\/\/nvsz.hu\/hirek\/wp-content\/uploads\/2024\/01\/02-1024x576.png\" alt=\"\" class=\"wp-image-79\" srcset=\"https:\/\/nvsz.hu\/hirek\/wp-content\/uploads\/2024\/01\/02-1024x576.png 1024w, https:\/\/nvsz.hu\/hirek\/wp-content\/uploads\/2024\/01\/02-300x169.png 300w, https:\/\/nvsz.hu\/hirek\/wp-content\/uploads\/2024\/01\/02-768x432.png 768w, https:\/\/nvsz.hu\/hirek\/wp-content\/uploads\/2024\/01\/02-1536x864.png 1536w, https:\/\/nvsz.hu\/hirek\/wp-content\/uploads\/2024\/01\/02.png 1920w\" sizes=\"auto, (max-width: 1024px) 100vw, 1024px\" \/><\/figure>\n\n\n\n<figure class=\"wp-block-image size-large\"><img loading=\"lazy\" decoding=\"async\" width=\"1024\" height=\"576\" data-id=\"78\" src=\"https:\/\/nvsz.hu\/hirek\/wp-content\/uploads\/2024\/01\/01-1024x576.png\" alt=\"\" class=\"wp-image-78\" srcset=\"https:\/\/nvsz.hu\/hirek\/wp-content\/uploads\/2024\/01\/01-1024x576.png 1024w, https:\/\/nvsz.hu\/hirek\/wp-content\/uploads\/2024\/01\/01-300x169.png 300w, https:\/\/nvsz.hu\/hirek\/wp-content\/uploads\/2024\/01\/01-768x432.png 768w, https:\/\/nvsz.hu\/hirek\/wp-content\/uploads\/2024\/01\/01-1536x864.png 1536w, https:\/\/nvsz.hu\/hirek\/wp-content\/uploads\/2024\/01\/01.png 1920w\" sizes=\"auto, (max-width: 1024px) 100vw, 1024px\" \/><\/figure>\n<\/figure>\n","protected":false},"excerpt":{"rendered":"<p>Megbukott a megb\u00edzhat\u00f3s\u00e1gi vizsg\u00e1laton egy eg\u00e9szs\u00e9g\u00fcgyi szolg\u00e1lati jogviszonyban foglalkoztatott ment\u0151s. A rend\u0151rs\u00e9gi kihallgat\u00e1son beismerte tett\u00e9t. A Nemzeti V\u00e9delmi Szolg\u00e1lat munkat\u00e1rsai megb\u00edzhat\u00f3s\u00e1gi vizsg\u00e1latot hajtottak v\u00e9gre 2023. febru\u00e1r 1-j\u00e9n k\u00e9t eg\u00e9szs\u00e9g\u00fcgyi szolg\u00e1lati jogviszonyban foglalkoztatott budapesti ment\u0151s tekintet\u00e9ben. A megb\u00edzhat\u00f3s\u00e1gi vizsg\u00e1lat a korrupci\u00f3 elleni fell\u00e9p\u00e9s egyik hat\u00e9kony eszk\u00f6ze, annak visszaszor\u00edt\u00e1s\u00e1t szolg\u00e1lja. A vizsg\u00e1lat sor\u00e1n a val\u00f3s\u00e1gban is el\u0151fordul\u00f3 [&hellip;]<\/p>\n","protected":false},"author":1,"featured_media":80,"comment_status":"closed","ping_status":"closed","sticky":false,"template":"","format":"standard","meta":{"site-container-style":"default","site-container-layout":"default","site-sidebar-layout":"default","disable-article-header":"default","disable-site-header":"default","disable-site-footer":"default","disable-content-area-spacing":"default","iawp_total_views":73,"footnotes":""},"categories":[5],"tags":[],"class_list":["post-77","post","type-post","status-publish","format-standard","has-post-thumbnail","hentry","category-altalanos"],"_links":{"self":[{"href":"https:\/\/nvsz.hu\/hirek\/index.php?rest_route=\/wp\/v2\/posts\/77","targetHints":{"allow":["GET"]}}],"collection":[{"href":"https:\/\/nvsz.hu\/hirek\/index.php?rest_route=\/wp\/v2\/posts"}],"about":[{"href":"https:\/\/nvsz.hu\/hirek\/index.php?rest_route=\/wp\/v2\/types\/post"}],"author":[{"embeddable":true,"href":"https:\/\/nvsz.hu\/hirek\/index.php?rest_route=\/wp\/v2\/users\/1"}],"replies":[{"embeddable":true,"href":"https:\/\/nvsz.hu\/hirek\/index.php?rest_route=%2Fwp%2Fv2%2Fcomments&post=77"}],"version-history":[{"count":1,"href":"https:\/\/nvsz.hu\/hirek\/index.php?rest_route=\/wp\/v2\/posts\/77\/revisions"}],"predecessor-version":[{"id":81,"href":"https:\/\/nvsz.hu\/hirek\/index.php?rest_route=\/wp\/v2\/posts\/77\/revisions\/81"}],"wp:featuredmedia":[{"embeddable":true,"href":"https:\/\/nvsz.hu\/hirek\/index.php?rest_route=\/wp\/v2\/media\/80"}],"wp:attachment":[{"href":"https:\/\/nvsz.hu\/hirek\/index.php?rest_route=%2Fwp%2Fv2%2Fmedia&parent=77"}],"wp:term":[{"taxonomy":"category","embeddable":true,"href":"https:\/\/nvsz.hu\/hirek\/index.php?rest_route=%2Fwp%2Fv2%2Fcategories&post=77"},{"taxonomy":"post_tag","embeddable":true,"href":"https:\/\/nvsz.hu\/hirek\/index.php?rest_route=%2Fwp%2Fv2%2Ftags&post=77"}],"curies":[{"name":"wp","href":"https:\/\/api.w.org\/{rel}","templated":true}]}}