{"id":82,"date":"2023-03-31T19:15:00","date_gmt":"2023-03-31T19:15:00","guid":{"rendered":"https:\/\/nvsz.hu\/hirek\/?p=82"},"modified":"2024-03-28T08:45:00","modified_gmt":"2024-03-28T08:45:00","slug":"5-es-fel-ev-utan-meg-mindig-koroznek","status":"publish","type":"post","link":"https:\/\/nvsz.hu\/hirek\/?p=82","title":{"rendered":"\u201e5 \u00e9s f\u00e9l \u00e9v ut\u00e1n m\u00e9g mindig k\u00f6r\u00f6znek?!\u201d"},"content":{"rendered":"\n<p>Nem tudni mi j\u00e1tsz\u00f3dott le annak a n\u0151nek a fej\u00e9ben, akinek a kez\u00e9n kattant a bilincs m\u00e1rcius 22-\u00e9n, de az biztos, hogy nagyon meglep\u0151d\u00f6tt, hogy m\u00e9g mindig k\u00f6r\u00f6zik. Feltehet\u0151en abban a hitben \u00e9lt, hogy a k\u00f6r\u00f6z\u00e9se m\u00e1r el\u00e9v\u00fclt.A Nemzeti V\u00e9delmi Szolg\u00e1lat a v\u00e9delmi feladat\u00e1b\u00f3l ad\u00f3d\u00f3an a kor\u00e1bban elk\u00f6vetett hivatalos szem\u00e9ly elleni er\u0151szakos b\u0171ncselekm\u00e9nyeket folyamatosan figyelemmel k\u00eds\u00e9ri. Ez azt jelenti, hogy azokban az esetekben, amikor a gyan\u00fas\u00edtott tart\u00f3zkod\u00e1si helye ismeretlen, v\u00e9delmi tisztjeink a rendelkez\u00e9sre \u00e1ll\u00f3 eszk\u00f6z\u00f6k seg\u00edts\u00e9g\u00e9vel megpr\u00f3b\u00e1lj\u00e1k beazonos\u00edtani az illet\u0151 holl\u00e9t\u00e9t.<\/p>\n\n\n\n<p>\u00cdgy t\u00f6rt\u00e9nt annak a 29 \u00e9ves budapesti n\u0151 tart\u00f3zkod\u00e1si hely\u00e9nek beazonos\u00edt\u00e1sa, majd elfog\u00e1sa, aki 2020. \u00f3ta rejt\u0151zk\u00f6d\u00f6tt a hat\u00f3s\u00e1gok el\u0151l. A n\u0151t t\u00f6bbek k\u00f6z\u00f6tt azzal gyan\u00fas\u00edtj\u00e1k, hogy 2015 janu\u00e1rj\u00e1ban t\u00e1rsaival \u00e9ppen abban a VIII. ker\u00fcleti t\u00e1rsash\u00e1zi l\u00e9pcs\u0151h\u00e1zban vitatkoztak, majd verekedtek \u00f6ssze, ahol egy rend\u0151rn\u0151 lakott. A koll\u00e9gan\u0151 felsz\u00f3l\u00edtotta \u0151ket, hogy fejezz\u00e9k be a hangoskod\u00e1st, erre \u0151t l\u00f6kd\u00f6sni kezdt\u00e9k, majd \u00f6k\u00f6llel arcon \u00fct\u00f6tt\u00e9k. A VIII. ker\u00fcleti rend\u0151r\u00f6k a helysz\u00ednen elfogt\u00e1k \u0151ket. A rend\u0151rn\u0151 8 napon bel\u00fcl gy\u00f3gyul\u00f3 s\u00e9r\u00fcl\u00e9st szenvedett.<\/p>\n\n\n\n<p>A Pesti K\u00f6zponti Ker\u00fcleti B\u00edr\u00f3s\u00e1g a 29 \u00e9ves n\u0151t hivatalos szem\u00e9ly elleni er\u0151szak b\u0171ntette, k\u00f6zfeladatot ell\u00e1t\u00f3 szem\u00e9ly elleni er\u0151szak b\u0171ntette, tov\u00e1bb\u00e1 gar\u00e1zdas\u00e1g miatt 3 \u00e9v 11 h\u00f3nap b\u00f6rt\u00f6nb\u00fcntet\u00e9sre \u00edt\u00e9lte, azonban \u0151 a b\u00f6rt\u00f6nbe nem vonult be, a hat\u00f3s\u00e1gok el\u0151l elrejt\u0151zve ismeretlen helyre k\u00f6lt\u00f6z\u00f6tt. \u00cdgy a F\u0151v\u00e1rosi T\u00f6rv\u00e9nysz\u00e9k BV. Csoportja 2020-ban elfogat\u00f3parancsot adott ki ellene.<\/p>\n\n\n\n<p>Az NVSZ v\u00e9delmi tisztjeinek siker\u00fclt beazonos\u00edtani az imm\u00e1r h\u00e1rom \u00e9ve bujk\u00e1l\u00f3 n\u0151 tart\u00f3zkod\u00e1si hely\u00e9t, akit a Duna\u00fajv\u00e1rosi Rend\u0151rkapit\u00e1nys\u00e1g munkat\u00e1rsai egy\u00fcttm\u0171k\u00f6d\u00e9s\u00fcnkkel 2023. m\u00e1rcius 22-\u00e9n Duna\u00fajv\u00e1rosban elfogt\u00e1k, majd a P\u00e1lhalmai B\u00fcntet\u00e9s-v\u00e9grehajt\u00e1si Int\u00e9zetbe sz\u00e1ll\u00edtott\u00e1k.<\/p>\n\n\n\n<figure class=\"wp-block-embed is-type-video is-provider-youtube wp-block-embed-youtube wp-embed-aspect-16-9 wp-has-aspect-ratio\"><div class=\"wp-block-embed__wrapper\">\n<iframe loading=\"lazy\" title=\"B\u00f6rt\u00f6n el\u0151l bujk\u00e1lt, elfogt\u00e1k\" width=\"500\" height=\"281\" src=\"https:\/\/www.youtube.com\/embed\/22M858nAOEA?feature=oembed\" frameborder=\"0\" allow=\"accelerometer; autoplay; clipboard-write; encrypted-media; gyroscope; picture-in-picture; web-share\" referrerpolicy=\"strict-origin-when-cross-origin\" allowfullscreen><\/iframe>\n<\/div><\/figure>\n","protected":false},"excerpt":{"rendered":"<p>Nem tudni mi j\u00e1tsz\u00f3dott le annak a n\u0151nek a fej\u00e9ben, akinek a kez\u00e9n kattant a bilincs m\u00e1rcius 22-\u00e9n, de az biztos, hogy nagyon meglep\u0151d\u00f6tt, hogy m\u00e9g mindig k\u00f6r\u00f6zik. Feltehet\u0151en abban a hitben \u00e9lt, hogy a k\u00f6r\u00f6z\u00e9se m\u00e1r el\u00e9v\u00fclt.A Nemzeti V\u00e9delmi Szolg\u00e1lat a v\u00e9delmi feladat\u00e1b\u00f3l ad\u00f3d\u00f3an a kor\u00e1bban elk\u00f6vetett hivatalos szem\u00e9ly elleni er\u0151szakos b\u0171ncselekm\u00e9nyeket folyamatosan figyelemmel [&hellip;]<\/p>\n","protected":false},"author":1,"featured_media":51,"comment_status":"closed","ping_status":"closed","sticky":false,"template":"","format":"standard","meta":{"site-container-style":"default","site-container-layout":"default","site-sidebar-layout":"default","disable-article-header":"default","disable-site-header":"default","disable-site-footer":"default","disable-content-area-spacing":"default","iawp_total_views":23,"footnotes":""},"categories":[5],"tags":[],"class_list":["post-82","post","type-post","status-publish","format-standard","has-post-thumbnail","hentry","category-altalanos"],"_links":{"self":[{"href":"https:\/\/nvsz.hu\/hirek\/index.php?rest_route=\/wp\/v2\/posts\/82","targetHints":{"allow":["GET"]}}],"collection":[{"href":"https:\/\/nvsz.hu\/hirek\/index.php?rest_route=\/wp\/v2\/posts"}],"about":[{"href":"https:\/\/nvsz.hu\/hirek\/index.php?rest_route=\/wp\/v2\/types\/post"}],"author":[{"embeddable":true,"href":"https:\/\/nvsz.hu\/hirek\/index.php?rest_route=\/wp\/v2\/users\/1"}],"replies":[{"embeddable":true,"href":"https:\/\/nvsz.hu\/hirek\/index.php?rest_route=%2Fwp%2Fv2%2Fcomments&post=82"}],"version-history":[{"count":1,"href":"https:\/\/nvsz.hu\/hirek\/index.php?rest_route=\/wp\/v2\/posts\/82\/revisions"}],"predecessor-version":[{"id":83,"href":"https:\/\/nvsz.hu\/hirek\/index.php?rest_route=\/wp\/v2\/posts\/82\/revisions\/83"}],"wp:featuredmedia":[{"embeddable":true,"href":"https:\/\/nvsz.hu\/hirek\/index.php?rest_route=\/wp\/v2\/media\/51"}],"wp:attachment":[{"href":"https:\/\/nvsz.hu\/hirek\/index.php?rest_route=%2Fwp%2Fv2%2Fmedia&parent=82"}],"wp:term":[{"taxonomy":"category","embeddable":true,"href":"https:\/\/nvsz.hu\/hirek\/index.php?rest_route=%2Fwp%2Fv2%2Fcategories&post=82"},{"taxonomy":"post_tag","embeddable":true,"href":"https:\/\/nvsz.hu\/hirek\/index.php?rest_route=%2Fwp%2Fv2%2Ftags&post=82"}],"curies":[{"name":"wp","href":"https:\/\/api.w.org\/{rel}","templated":true}]}}